{"id":1053,"date":"2025-02-11T16:09:09","date_gmt":"2025-02-11T15:09:09","guid":{"rendered":"https:\/\/voixdaunis.com\/?p=1053"},"modified":"2025-05-16T23:15:08","modified_gmt":"2025-05-16T21:15:08","slug":"stages-2025","status":"publish","type":"post","link":"https:\/\/voixdaunis.com\/index.php\/2025\/02\/11\/stages-2025\/","title":{"rendered":"STAGES 2025"},"content":{"rendered":"\n<figure class=\"wp-block-image size-large\"><img loading=\"lazy\" decoding=\"async\" width=\"574\" height=\"647\" src=\"https:\/\/voixdaunis.com\/wp-content\/uploads\/2022\/06\/stage-fontdouce-2009.jpeg\" alt=\"\" class=\"wp-image-573\" srcset=\"https:\/\/voixdaunis.com\/wp-content\/uploads\/2022\/06\/stage-fontdouce-2009.jpeg 574w, https:\/\/voixdaunis.com\/wp-content\/uploads\/2022\/06\/stage-fontdouce-2009-266x300.jpeg 266w\" sizes=\"auto, (max-width: 574px) 100vw, 574px\" \/><\/figure>\n\n\n\n<p><\/p>\n\n\n\n<figure class=\"wp-block-table\"><table><thead><tr><th><strong>CALENDRIER DES STAGES<\/strong><\/th><\/tr><\/thead><tbody><tr><td>Stages et concerts : voir aussi <a href=\"https:\/\/voixdaunis.com\/index.php\/agenda\/\">l&#8217;agenda<\/a> ou planning apr\u00e8s le descriptif<br>(<strong>Stages A St Sauveur d&#8217;Aunis-La Rochelle (17)<a href=\"https:\/\/www.helloasso.com\/associations\/voix-d-aunis\"> <\/a><\/strong><a href=\"https:\/\/www.helloasso.com\/associations\/voix-d-aunis\"><strong>INSCRIPTION ET RENS cliquez ici<\/strong><\/a>))<br><br>(r\u00e9duction de 10 % pour l&#8217;inscription \u00e0 2 stages); Descriptif et inscription sur Helloasso <a href=\"https:\/\/www.helloasso.com\/associations\/voix-d-aunis\" data-type=\"URL\" data-id=\"https:\/\/www.helloasso.com\/associations\/voix-d-aunis\/evenements\/hildegarde-de-bingen-stage-de-chant-et-meditation-19-au-21-avril-2024\" target=\"_blank\" rel=\"noreferrer noopener\">cliquez ici<\/a>\u00a0<br>Sur les lieux non pr\u00e9cis\u00e9s, les stages se d\u00e9roulent sur l&#8221;Aunis pr\u00e8s de la Rochelle, dans une ancienne ferme dans le Marais, avec possibilit\u00e9 de dormir sur place en camping ou dans la salle.. Intervenant chant, Fabienne Cellier-Triguel, artiste lyrique et m\u00e9di\u00e9val soprano<br><br><strong>Samedi 29 au 30 mars 2025 Chant Gr\u00e9gorien<\/strong> Mode 1, m\u00e9ditation, r\u00e9pertoire, concert (possibilit\u00e9 de suivre une seule journ\u00e9e) <strong><mark style=\"background-color:rgba(0, 0, 0, 0);color:#d26228\" class=\"has-inline-color\">inscription et renseignements<\/mark><\/strong> <a href=\"https:\/\/www.helloasso.com\/associations\/voix-d-aunis\/evenements\/chant-gregorien-mode-1-du-29-au-30-mars-2025\" data-type=\"link\" data-id=\"https:\/\/www.helloasso.com\/associations\/voix-d-aunis\/evenements\/celebrons-le-solstice-d-ete-yoga-danse-chant-meditation\" target=\"_blank\" rel=\"noreferrer noopener\">cliquez ici<\/a><br><br><strong>Jeudi \u00a01 au 4 mai 2025<\/strong> <strong>Hildegarde de Bingen<\/strong> chant, m\u00e9ditation, r\u00e9pertoire, concert<br><strong><mark style=\"background-color:rgba(0, 0, 0, 0);color:#d26228\" class=\"has-inline-color\">inscription et renseignements<\/mark><\/strong> <a href=\"https:\/\/www.helloasso.com\/associations\/voix-d-aunis\/evenements\/hildegarde-de-bingen-chant-repertoire-et-meditation-1-au-4-mai-2025\" data-type=\"link\" data-id=\"https:\/\/www.helloasso.com\/associations\/voix-d-aunis\/evenements\/celebrons-le-solstice-d-ete-yoga-danse-chant-meditation\" target=\"_blank\" rel=\"noreferrer noopener\">cliquez ici<\/a><br><br><strong>Samedi 10 et dimanche 11 mai 2025<\/strong> <strong>Cercle de chant et m\u00e9ditation<\/strong>, <strong>th\u00e8me &#8220;sagesse am\u00e9rindienne et Hildegarde de Bingen&#8221;<\/strong>, chants sacr\u00e9s, traditionnels (am\u00e9rindiens&#8230;), Mantras d&#8217;Hildegarde, yoga du son, technique vocale en conscience, souffle, concert m\u00e9ditatif.<br> <strong><mark style=\"background-color:rgba(0, 0, 0, 0);color:#d26228\" class=\"has-inline-color\">inscription et renseignements<\/mark><\/strong> <a href=\"https:\/\/www.helloasso.com\/associations\/voix-d-aunis\/evenements\/cercle-de-chant-et-meditation-sagesse-amerindienne-et-hildegarde-10-et-11-mai\" data-type=\"link\" data-id=\"https:\/\/www.helloasso.com\/associations\/voix-d-aunis\/evenements\/celebrons-le-solstice-d-ete-yoga-danse-chant-meditation\" target=\"_blank\" rel=\"noreferrer noopener\">cliquez ici<\/a><br><br><strong>Samedi 17 au 18 mai 2025 Chant Gr\u00e9gorien<\/strong> Mode 2, m\u00e9ditation, r\u00e9pertoire, concert <a href=\"https:\/\/www.helloasso.com\/associations\/voix-d-aunis\/evenements\/chant-gregorien-mode-2-du-17-au-18-mai-2025\" data-type=\"link\" data-id=\"https:\/\/www.helloasso.com\/associations\/voix-d-aunis\/evenements\/celebrons-le-solstice-d-ete-yoga-danse-chant-meditation\" target=\"_blank\" rel=\"noreferrer noopener\"><strong><mark style=\"background-color:rgba(0, 0, 0, 0);color:#d26228\" class=\"has-inline-color\">inscription et renseignements<\/mark><\/strong> cliquez ici<\/a><br><br><strong>Jeudi 29 mai au 1er juin 2025<\/strong> <strong>Chant lyrique<\/strong>, technique vocale, r\u00e9pertoire collectif, concert <strong><mark style=\"background-color:rgba(0, 0, 0, 0);color:#d26228\" class=\"has-inline-color\">inscription et renseignement<\/mark><\/strong> <a href=\"https:\/\/www.helloasso.com\/associations\/voix-d-aunis\/evenements\/chant-lyrique-technique-vocale-repertoire-collectif-29-mai-au-1er-juin-2025\" data-type=\"link\" data-id=\"https:\/\/www.helloasso.com\/associations\/voix-d-aunis\/evenements\/celebrons-le-solstice-d-ete-yoga-danse-chant-meditation\" target=\"_blank\" rel=\"noreferrer noopener\">cliquez ici<\/a><br><br><strong>Samedi 14 au 15 juin 2025 Chant Gr\u00e9gorien<\/strong> Mode 3, m\u00e9ditation, r\u00e9pertoire, concert <strong><mark style=\"background-color:rgba(0, 0, 0, 0);color:#d26228\" class=\"has-inline-color\">inscription et renseignements<\/mark><\/strong> <a href=\"https:\/\/www.helloasso.com\/associations\/voix-d-aunis\/evenements\/chant-gregorien-mode-3-du-14-au-15-juin-2025\" data-type=\"link\" data-id=\"https:\/\/www.helloasso.com\/associations\/voix-d-aunis\/evenements\/celebrons-le-solstice-d-ete-yoga-danse-chant-meditation\" target=\"_blank\" rel=\"noreferrer noopener\">cliquez ici<\/a><br><br><strong>Samedi 21 au 22 juin 2025<\/strong> <strong>Retraite solstice d&#8217;\u00e9t\u00e9 chant, danse, yoga<\/strong>, chants sacr\u00e9s et traditionnels, Yoga du son, Hatha Yoga, danse biodynamique, cercles, concert m\u00e9ditatifnature, autour du feu avec Gabrielle Escalano, danse et yoga et Fabienne Cellier-Triguel, chant&#8230;<strong><mark style=\"background-color:rgba(0, 0, 0, 0);color:#d26228\" class=\"has-inline-color\">inscription et renseignements<\/mark><\/strong> <a href=\"https:\/\/www.helloasso.com\/associations\/voix-d-aunis\/evenements\/celebrons-le-solstice-d-ete-yoga-danse-chant-meditation\" data-type=\"link\" data-id=\"https:\/\/www.helloasso.com\/associations\/voix-d-aunis\/evenements\/celebrons-le-solstice-d-ete-yoga-danse-chant-meditation\" target=\"_blank\" rel=\"noreferrer noopener\">cliquez ici<\/a><br><br><strong>Samedi 28 et 29 juin 2025<\/strong> <strong>Chant lyrique<\/strong>, technique vocale, r\u00e9pertoire collectif, concert <strong><mark style=\"background-color:rgba(0, 0, 0, 0);color:#d26228\" class=\"has-inline-color\">inscription et renseignements<\/mark><\/strong> <a href=\"https:\/\/www.helloasso.com\/associations\/voix-d-aunis\/evenements\/chant-lyrique-technique-vocale-repertoire-collectif-28-au-29-juin-2025\" data-type=\"link\" data-id=\"https:\/\/www.helloasso.com\/associations\/voix-d-aunis\/evenements\/celebrons-le-solstice-d-ete-yoga-danse-chant-meditation\" target=\"_blank\" rel=\"noreferrer noopener\">cliquez ici<\/a><br><br><strong>Samedi 12 au 14 juillet<\/strong> <strong>2025 :<\/strong> <strong>Hildegarde de Bingen<\/strong> chant, m\u00e9ditation, r\u00e9pertoire, concert <strong><mark style=\"background-color:rgba(0, 0, 0, 0);color:#d26228\" class=\"has-inline-color\">inscription et renseignements<\/mark><\/strong> <a href=\"https:\/\/www.helloasso.com\/associations\/voix-d-aunis\/evenements\/hildegarde-de-bingen-chant-repertoire-et-meditation-du-12-au-14-juillet-2025\" data-type=\"link\" data-id=\"https:\/\/www.helloasso.com\/associations\/voix-d-aunis\/evenements\/celebrons-le-solstice-d-ete-yoga-danse-chant-meditation\" target=\"_blank\" rel=\"noreferrer noopener\">cliquez ici<\/a><br><br><strong>Samedi 19 au 22 juillet 2025 :<\/strong> <strong>Marie-Madeleine et f\u00e9minin sacr\u00e9<\/strong> chant m\u00e9di\u00e9val et traditionnel, chants gr\u00e9goriens et d&#8217;Hildegarde de Bingen, conscience vocale, yoga du son, m\u00e9ditation, concert <strong><mark style=\"background-color:rgba(0, 0, 0, 0);color:#d26228\" class=\"has-inline-color\">inscription et renseignements<\/mark><\/strong> <a href=\"https:\/\/www.helloasso.com\/associations\/voix-d-aunis\/evenements\/marie-madeleine-et-feminin-sacre-chant-medieval-et-trad-du-19-au-22-juillet-25\" data-type=\"link\" data-id=\"https:\/\/www.helloasso.com\/associations\/voix-d-aunis\/evenements\/celebrons-le-solstice-d-ete-yoga-danse-chant-meditation\" target=\"_blank\" rel=\"noreferrer noopener\">cliquez ici<\/a><br><br><strong>Samedi 23 au mardi 26 aout 2025<\/strong> : Master Class de chant lyrique avec Fabienne Cellier-Triguel, chant et Massanori Kobiki, piano <strong><mark style=\"background-color:rgba(0, 0, 0, 0);color:#d26228\" class=\"has-inline-color\">inscription et renseignements<\/mark><\/strong> <a href=\"https:\/\/www.helloasso.com\/associations\/voix-d-aunis\/evenements\/master-class-de-chant-lyrique-et-technique-vocale-bel-canto-23-au-26-aout-25-2\" data-type=\"link\" data-id=\"https:\/\/www.helloasso.com\/associations\/voix-d-aunis\/evenements\/celebrons-le-solstice-d-ete-yoga-danse-chant-meditation\" target=\"_blank\" rel=\"noreferrer noopener\">cliquez ici<\/a><br><br><strong>Samedi 13 au 17 septembre 2025<\/strong>\u00a0:<strong>Hildegarde de Bingen<\/strong> chant, m\u00e9ditation, r\u00e9pertoire\u00a0<br>Tarif 280 \u20ac + 8 \u20ac d&#8217;ad ( 170 \u20ac pour 2 jours du 13 au 14 sept ) .\u00a0<strong><mark style=\"background-color:rgba(0, 0, 0, 0);color:#d26228\" class=\"has-inline-color\">inscription et renseignements<\/mark><\/strong> <a href=\"https:\/\/www.helloasso.com\/associations\/voix-d-aunis\/evenements\/hildegarde-de-bingen-chant-repertoire-et-meditation-du-13-au-17-septembre-2025\" data-type=\"link\" data-id=\"https:\/\/www.helloasso.com\/associations\/voix-d-aunis\/evenements\/celebrons-le-solstice-d-ete-yoga-danse-chant-meditation\" target=\"_blank\" rel=\"noreferrer noopener\">cliquez ici<\/a><br><br><strong>Samedi 27 au 28 septembre 2025 Chant Gr\u00e9gorien<\/strong> Mode 4, m\u00e9ditation, r\u00e9pertoire, concert, Explorer chaque week-end un mode diff\u00e9rent,\u00a0<strong><mark style=\"background-color:rgba(0, 0, 0, 0);color:#d26228\" class=\"has-inline-color\">inscription et renseignements<\/mark><\/strong> <a href=\"https:\/\/www.helloasso.com\/associations\/voix-d-aunis\/evenements\/chant-gregorien-mode-4-du-27-au-28-septembre-2025\" data-type=\"link\" data-id=\"https:\/\/www.helloasso.com\/associations\/voix-d-aunis\/evenements\/celebrons-le-solstice-d-ete-yoga-danse-chant-meditation\" target=\"_blank\" rel=\"noreferrer noopener\">cliquez ici<\/a><br><br><strong>Vendredi 10 au dimanche 12 octobre 2025<\/strong> <strong>Chant Gr\u00e9gorien<\/strong> \u00c0 l&#8217;\u00e9glise Saint-Sauveur \u00e0 la Rochelle, possibilit\u00e9 au paroissien de venir \u00e0 17h et participation \u00e0 l&#8217;office du dimanche \u00e0 18h<br><strong><mark style=\"background-color:rgba(0, 0, 0, 0);color:#d26228\" class=\"has-inline-color\">inscription et renseignements<\/mark><\/strong> <a href=\"https:\/\/www.helloasso.com\/associations\/voix-d-aunis\/evenements\/chant-gregorien-a-la-rochelle-eglise-st-sauveur-repertoire-10-au-12-octobre\" data-type=\"link\" data-id=\"https:\/\/www.helloasso.com\/associations\/voix-d-aunis\/evenements\/celebrons-le-solstice-d-ete-yoga-danse-chant-meditation\" target=\"_blank\" rel=\"noreferrer noopener\">cliquez ici<\/a><br><br><strong>Lundi 20 au jeudi 23 octobre 2025<\/strong> <strong>Chant m\u00e9di\u00e9val et Conscience corporelle \u00e0 l&#8217;Abbaye de Fontdouce 17<\/strong> avec <a href=\"https:\/\/www.christinewahl.co\/\">Christine Wahl<\/a>, corps, danse, tai-chi, Fabienne Cellier-Triguel, soprano ; chants gr\u00e9goriens, d&#8217;Hildegarde de Bingen, chant m\u00e9di\u00e9val, concert, possibilit\u00e9 de dormir \u00e0 l&#8217;abbaye. Th\u00e8me le Son-Jeux (imagination, Jeux- Joie&#8230;) <strong><mark style=\"background-color:rgba(0, 0, 0, 0);color:#d26228\" class=\"has-inline-color\">inscription et renseignements<\/mark><\/strong> <a href=\"https:\/\/voixdaunis.com\/wp-content\/uploads\/2025\/05\/Flyer-Stage-de-chant-Octobre-2025.pdf\" data-type=\"link\" data-id=\"https:\/\/www.helloasso.com\/associations\/voix-d-aunis\/evenements\/celebrons-le-solstice-d-ete-yoga-danse-chant-meditation\" target=\"_blank\" rel=\"noreferrer noopener\">cliquez ici<\/a><br> <br><strong>Cercle de chant et m\u00e9ditation<\/strong>, th\u00e8me de la Lune, chants sacr\u00e9s, traditionnels, mantras, yoga du son, conscience corps et voix, concert m\u00e9ditatif. (programmation en cours)<\/td><\/tr><\/tbody><\/table><\/figure>\n\n\n\n<figure class=\"wp-block-gallery has-nested-images columns-default is-cropped wp-block-gallery-1 is-layout-flex wp-block-gallery-is-layout-flex\"><\/figure>\n\n\n\n<pre class=\"wp-block-preformatted\"><\/pre>\n\n\n\n<figure class=\"wp-block-image\"><img loading=\"lazy\" decoding=\"async\" width=\"524\" height=\"788\" src=\"https:\/\/voixdaunis.com\/wp-content\/uploads\/2017\/09\/stge_hildegard_publication_dim.jpg\" alt=\"Fabienne Cellier-Triguel, interpr\u00e8te Hildegarde de Bingen \u00e0 Surg\u00e8res\" class=\"wp-image-36\" srcset=\"https:\/\/voixdaunis.com\/wp-content\/uploads\/2017\/09\/stge_hildegard_publication_dim.jpg 524w, https:\/\/voixdaunis.com\/wp-content\/uploads\/2017\/09\/stge_hildegard_publication_dim-199x300.jpg 199w\" sizes=\"auto, (max-width: 524px) 100vw, 524px\" \/><figcaption class=\"wp-element-caption\">Fabienne Cellier-Triguel, interpr\u00e8te Hildegarde de Bingen \u00e0 Surg\u00e8res<\/figcaption><\/figure>\n\n\n\n<p><strong><mark style=\"background-color:rgba(0, 0, 0, 0);color:#00a337\" class=\"has-inline-color\">HILDEGARDE DE BINGEN, CHANT ET MEDITATION<\/mark><\/strong><br><strong>Hildegarde de Bingen, stages, session musicale,  concerts&nbsp;<\/strong><br> (r\u00e9duction de 10 % pour l&#8217;inscription \u00e0 2 stages); Descriptif et inscription sur Helloasso. <br><strong>Jeudi &nbsp;1 au 4 mai 2025<\/strong> &nbsp;<a href=\"https:\/\/www.helloasso.com\/associations\/voix-d-aunis\/evenements\/hildegarde-de-bingen-chant-repertoire-et-meditation-1-au-4-mai-2025\" data-type=\"URL\" data-id=\"https:\/\/www.helloasso.com\/associations\/voix-d-aunis\/evenements\/hildegarde-de-bingen-stage-de-chant-et-meditation-19-au-21-avril-2024\" target=\"_blank\" rel=\"noreferrer noopener\">cliquez ici<\/a>&nbsp;Tarif : 240 \u20ac \/ stage + 8 \u20ac d\u2019adh\u00e9sion<\/p>\n\n\n\n<p><strong>Samedi 12 au 14 juillet<\/strong> <strong>2025 :<\/strong> <strong>Hildegarde de Bingen<\/strong> chant, m\u00e9ditation, r\u00e9pertoire, concert <strong><mark style=\"background-color:rgba(0, 0, 0, 0);color:#d26228\" class=\"has-inline-color\">inscription et renseignements<\/mark><\/strong> <a href=\"https:\/\/www.helloasso.com\/associations\/voix-d-aunis\/evenements\/hildegarde-de-bingen-chant-repertoire-et-meditation-du-12-au-14-juillet-2025\" data-type=\"link\" data-id=\"https:\/\/www.helloasso.com\/associations\/voix-d-aunis\/evenements\/celebrons-le-solstice-d-ete-yoga-danse-chant-meditation\" target=\"_blank\" rel=\"noreferrer noopener\">cliquez ici<\/a><\/p>\n\n\n\n<p><br><strong><strong>Samedi 19 au 22 juillet 2025 <\/strong> :<\/strong> <strong>MARIE-MADELEINE ET FEMININ SACRE<\/strong> chant gr\u00e9gorien, chants d&#8217;Hildegarde de Bingen, chant m\u00e9di\u00e9val Tarif 240 \u20ac + 8 \u20ac d&#8217;adh\u00e9sion <strong><mark style=\"background-color:rgba(0, 0, 0, 0);color:#d26228\" class=\"has-inline-color\">inscription et renseignements<\/mark><\/strong> <a href=\"https:\/\/www.helloasso.com\/associations\/voix-d-aunis\/evenements\/marie-madeleine-et-feminin-sacre-chant-medieval-et-trad-du-19-au-22-juillet-25\" data-type=\"link\" data-id=\"https:\/\/www.helloasso.com\/associations\/voix-d-aunis\/evenements\/celebrons-le-solstice-d-ete-yoga-danse-chant-meditation\" target=\"_blank\" rel=\"noreferrer noopener\">cliquez ici<\/a><br><strong>Vendredi 15 au 17 ao\u00fbt 2025 :<\/strong> Stage et concerts, Hildegarde chant et m\u00e9ditation<br>Tarif 210 \u20ac + 8 \u20ac d&#8217;adh\u00e9sion . Descriptif et inscription: <a href=\"https:\/\/www.helloasso.com\/associations\/voix-d-aunis\" data-type=\"link\" data-id=\"https:\/\/www.helloasso.com\/associations\/voix-d-aunis\" target=\"_blank\" rel=\"noreferrer noopener\"><\/a><a href=\"https:\/\/www.helloasso.com\/associations\/voix-d-aunis\" data-type=\"link\" data-id=\"https:\/\/www.helloasso.com\/associations\/voix-d-aunis\" target=\"_blank\" rel=\"noreferrer noopener\">cliquez ici<\/a>&#8220;<br><strong>Samedi 13 au mercredi 17 septembre 2025<\/strong>\u00a0: Hildegarde de Bingen, chant, r\u00e9pertoire et m\u00e9ditation, et concerts \u00e0 St Sauveur d\u2019Aunis et \u00e9glises de l\u2019Aunis. <br>Tarif 280 \u20ac + 8 \u20ac d&#8217;ad ( 170 \u20ac pour 2 jours du 13 au 14 sept ) . Descriptif et inscription: <a href=\"https:\/\/www.helloasso.com\/associations\/voix-d-aunis\" data-type=\"link\" data-id=\"https:\/\/www.helloasso.com\/associations\/voix-d-aunis\" target=\"_blank\" rel=\"noreferrer noopener\">cliquez ici<\/a><br><strong>Lieux :\u00a0terres de la Raguenaudi\u00e8re, \u00e0 St Sauveur d&#8217;Aunis.\u00a0<\/strong><br><strong>Contenus :\u00a0\u00a0<\/strong>Apprendre \u00e0 chanter les m\u00e9lodies qui ont inspir\u00e9 Hildegarde de Bingen, cette exceptionnelle abbesse du XIIe si\u00e8cle. Tout en d\u00e9veloppant la technique vocale, nous apprendrons les chants, les neumes (\u00e9criture musicale m\u00e9di\u00e9vale) par transmission orale et avec les partitions.\u00a0<strong>La technique vocale en conscience corps&amp;voix s&#8217;inspirera des enseignements d&#8217;Hildegarde-<\/strong>des vents aux \u00e9l\u00e9ments, du v\u00e9g\u00e9tal \u00e0 l&#8217;animal, dans l&#8217;\u00e9quilibre et l&#8217;harmonie-\u00a0de ses chants et de la modalit\u00e9 m\u00e9di\u00e9vale.\u00a0Des temps de m\u00e9ditation viendront ponctuer les journ\u00e9es, ou des cercles de chant et m\u00e9ditation, en abordant des techniques de m\u00e9ditation et de silences issues du chant sacr\u00e9 et du yoga du son.\u00a0 \u00a0Nous pourrons aussi chanter dans les \u00e9glises, la nature, improviser&#8230;.Chaque stage abordera un r\u00e9pertoire diff\u00e9rent et commun, ainsi\u00a0les stagiaires selon leurs possibilit\u00e9s pourront rejoindre les concerts des autres stages, et chanter en ensemble ou en soliste.\u00a0\u00a0<br><strong>Concert de fin de stage: Mots et chants d&#8217;Hildegarde. Chaque concert aura ses mots et ses chants, li\u00e9s aux participants et aux \u00e9changes.\u00a0\u00a0<\/strong><br><strong>Artiste et intervenant\u00a0\u00a0:<\/strong> Fabienne Cellier-Triguel<br><strong>Concerts de fin de stage<\/strong>\u00a0: \u00e0 16h le dernier jour dans une \u00e9glise de l&#8217;Aunis <strong><mark style=\"background-color:rgba(0, 0, 0, 0);color:#d26228\" class=\"has-inline-color\">inscription et renseignements<\/mark><\/strong> <a href=\"https:\/\/www.helloasso.com\/associations\/voix-d-aunis\/evenements\/hildegarde-de-bingen-chant-repertoire-et-meditation-du-13-au-17-septembre-2025\" data-type=\"link\" data-id=\"https:\/\/www.helloasso.com\/associations\/voix-d-aunis\/evenements\/celebrons-le-solstice-d-ete-yoga-danse-chant-meditation\" target=\"_blank\" rel=\"noreferrer noopener\">cliquez ici<\/a><br><\/p>\n\n\n\n<figure class=\"wp-block-image\"><img loading=\"lazy\" decoding=\"async\" width=\"398\" height=\"480\" src=\"https:\/\/voixdaunis.com\/wp-content\/uploads\/2025\/02\/carlo-dolci_maria-magdalena.jpg\" alt=\"\" class=\"wp-image-1117\" srcset=\"https:\/\/voixdaunis.com\/wp-content\/uploads\/2025\/02\/carlo-dolci_maria-magdalena.jpg 398w, https:\/\/voixdaunis.com\/wp-content\/uploads\/2025\/02\/carlo-dolci_maria-magdalena-249x300.jpg 249w\" sizes=\"auto, (max-width: 398px) 100vw, 398px\" \/><\/figure>\n\n\n\n<p><strong><mark style=\"background-color:rgba(0, 0, 0, 0);color:#00a337\" class=\"has-inline-color\">CHANT MEDIEVAL SACRE&nbsp;ET MEDITATION<\/mark><\/strong><\/p>\n\n\n\n<p><strong>MARIE-MADELEINE ET FEMININ SACRE<\/strong><\/p>\n\n\n\n<p><strong>Samedi 19 au 22 juillet 2025 <\/strong>: Stage et concerts, chant gr\u00e9gorien, chants d&#8217;Hildegarde de Bingen, chant m\u00e9di\u00e9val, concerts et r\u00e9p\u00e9titions \u00e0 St Sauveur d&#8217;Aunis et \u00e9glises d&#8217;Aunis, th\u00e8me Marie-Madeleine. Horaire : 10h-17h30<br>Tarif 240 \u20ac + 8 \u20ac. <strong>Artiste et intervenant\u00a0\u00a0:\u00a0<\/strong>Fabienne Cellier-Triguel <strong><mark style=\"background-color:rgba(0, 0, 0, 0);color:#d26228\" class=\"has-inline-color\">inscription et renseignements<\/mark><\/strong> <a href=\"https:\/\/www.helloasso.com\/associations\/voix-d-aunis\/evenements\/marie-madeleine-et-feminin-sacre-chant-medieval-et-trad-du-19-au-22-juillet-25\" data-type=\"link\" data-id=\"https:\/\/www.helloasso.com\/associations\/voix-d-aunis\/evenements\/celebrons-le-solstice-d-ete-yoga-danse-chant-meditation\" target=\"_blank\" rel=\"noreferrer noopener\">cliquez ici<\/a><br> Chanter l<strong>es m\u00e9lodies gr\u00e9goriennes et m\u00e9di\u00e9vales destin\u00e9es \u00e0 Marie-Madeleine<\/strong>, dont ce sera la f\u00eate le 22 juillet, ainsi que<strong>\u00a0le r\u00e9pertoire marial et coeur sacr\u00e9 f\u00e9minin<\/strong>. Tout en d\u00e9veloppant sa technique vocale, nous apprendrons les chants, les neumes (\u00e9criture musicale m\u00e9di\u00e9vale) par transmission orale et avec les partitions.Technique vocale en conscience corps&amp;voix, inspir\u00e9e du chant modal m\u00e9di\u00e9val, du yoga du son,\u00a0 de la conscience corporelle, du souffle, de l\u2019expression, de l\u2019anatomie,<strong>\u2026La technique vocale en conscience corps&amp;voix s&#8217;inspirera \u00e9galement du coeur f\u00e9minin sacr\u00e9, dans sa dimension visc\u00e9rale, du soutien et de la respiration, dans son expression et intention.\u00a0<\/strong>Comment l&#8217;intention et sa reliance au corps-coeur nourrissent son phras\u00e9 ainsi que sa voix int\u00e9rieure et projet\u00e9e ?\u00a0Des temps de m\u00e9ditation viendront ponctuer les journ\u00e9es, pour une meilleure assimilation de ces chants, et vivre les bienfaits qu&#8217;ils procurent, en abordant des techniques de m\u00e9ditation issues du chant sacr\u00e9 et du yoga du son. Nous pourrons aussi chanter dans les \u00e9glises , la nature,&#8230;Concert final. <\/p>\n\n\n\n<figure class=\"wp-block-image\"><img loading=\"lazy\" decoding=\"async\" width=\"566\" height=\"496\" src=\"https:\/\/voixdaunis.com\/wp-content\/uploads\/2025\/02\/moines-chant-greogien.jpeg\" alt=\"\" class=\"wp-image-1120\" srcset=\"https:\/\/voixdaunis.com\/wp-content\/uploads\/2025\/02\/moines-chant-greogien.jpeg 566w, https:\/\/voixdaunis.com\/wp-content\/uploads\/2025\/02\/moines-chant-greogien-300x263.jpeg 300w, https:\/\/voixdaunis.com\/wp-content\/uploads\/2025\/02\/moines-chant-greogien-342x300.jpeg 342w\" sizes=\"auto, (max-width: 566px) 100vw, 566px\" \/><\/figure>\n\n\n\n<p><strong><mark style=\"background-color:rgba(0, 0, 0, 0);color:#00a337\" class=\"has-inline-color\">CHANT GREGORIEN<\/mark><\/strong>, <strong><mark style=\"background-color:rgba(0, 0, 0, 0);color:#00a337\" class=\"has-inline-color\">MEDITATION<\/mark><\/strong> <strong><mark style=\"background-color:rgba(0, 0, 0, 0);color:#00a337\" class=\"has-inline-color\">ET <strong><mark style=\"background-color:rgba(0, 0, 0, 0);color:#00a337\" class=\"has-inline-color\">REPERTOIRE: LES<\/mark><\/strong> MODES<\/mark><\/strong><\/p>\n\n\n\n<p>D\u00e9couvrir et ressentir les huit modes du chant Gr\u00e9gorien. chaque session se concentrera sur une corde et deux modes, qui am\u00e8nent des expressions diff\u00e9rentes int\u00e9rieures ou ouvertes, de louanges ou de paix.<\/p>\n\n\n\n<p><strong>Samedi 29 au 30 mars 2025 Chant Gr\u00e9gorien<\/strong> Mode 1, m\u00e9ditation, r\u00e9pertoire, concert (possibilit\u00e9 de suivre une seule journ\u00e9e) <strong><mark style=\"background-color:rgba(0, 0, 0, 0);color:#d26228\" class=\"has-inline-color\">inscription et renseignements<\/mark><\/strong> <a href=\"https:\/\/www.helloasso.com\/associations\/voix-d-aunis\/evenements\/chant-gregorien-mode-1-du-29-au-30-mars-2025\" data-type=\"link\" data-id=\"https:\/\/www.helloasso.com\/associations\/voix-d-aunis\/evenements\/celebrons-le-solstice-d-ete-yoga-danse-chant-meditation\" target=\"_blank\" rel=\"noreferrer noopener\">cliquez ici<\/a><\/p>\n\n\n\n<p><strong>Samedi 17 au 18 mai 2025 Chant Gr\u00e9gorien<\/strong> Mode 2, m\u00e9ditation, r\u00e9pertoire, concert <a href=\"https:\/\/www.helloasso.com\/associations\/voix-d-aunis\/evenements\/chant-gregorien-mode-2-du-17-au-18-mai-2025\" data-type=\"link\" data-id=\"https:\/\/www.helloasso.com\/associations\/voix-d-aunis\/evenements\/celebrons-le-solstice-d-ete-yoga-danse-chant-meditation\" target=\"_blank\" rel=\"noreferrer noopener\"><strong><mark style=\"background-color:rgba(0, 0, 0, 0);color:#d26228\" class=\"has-inline-color\">inscription et renseignements<\/mark><\/strong> cliquez ici<\/a><br><br><strong>Samedi 14 au 15 juin 2025 Chant Gr\u00e9gorien<\/strong> Mode 3, m\u00e9ditation, r\u00e9pertoire, concert <strong><mark style=\"background-color:rgba(0, 0, 0, 0);color:#d26228\" class=\"has-inline-color\">inscription et renseignements<\/mark><\/strong> <a href=\"https:\/\/www.helloasso.com\/associations\/voix-d-aunis\/evenements\/chant-gregorien-mode-3-du-14-au-15-juin-2025\" data-type=\"link\" data-id=\"https:\/\/www.helloasso.com\/associations\/voix-d-aunis\/evenements\/celebrons-le-solstice-d-ete-yoga-danse-chant-meditation\" target=\"_blank\" rel=\"noreferrer noopener\">cliquez ici<\/a><\/p>\n\n\n\n<p><strong>Samedi 27 au 28 septembre 2025 Chant Gr\u00e9gorien<\/strong> Mode 4, m\u00e9ditation, r\u00e9pertoire, concert, Explorer chaque week-end un mode diff\u00e9rent,\u00a0<strong><mark style=\"background-color:rgba(0, 0, 0, 0);color:#d26228\" class=\"has-inline-color\">inscription et renseignements<\/mark><\/strong> <a href=\"https:\/\/www.helloasso.com\/associations\/voix-d-aunis\/evenements\/chant-gregorien-mode-4-du-27-au-28-septembre-2025\" data-type=\"link\" data-id=\"https:\/\/www.helloasso.com\/associations\/voix-d-aunis\/evenements\/celebrons-le-solstice-d-ete-yoga-danse-chant-meditation\" target=\"_blank\" rel=\"noreferrer noopener\">cliquez ici<\/a><\/p>\n\n\n\n<p><strong>Lieux :&nbsp;terres de la Raguenaudi\u00e8re, \u00e0 St Sauveur d&#8217;Aunis.&nbsp;<\/strong>Renseignements et inscription : <a href=\"https:\/\/www.helloasso.com\/associations\/voix-d-aunis\">cliquez ici<\/a><\/p>\n\n\n\n<p><strong><mark style=\"background-color:rgba(0, 0, 0, 0);color:#00a337\" class=\"has-inline-color\">CHANT GREGORIEN\u00a0ET REPERTOIRE<\/mark><\/strong><br><strong>Vendredi 10 au dimanche 12 octobre 2025 <\/strong>: Chant gr\u00e9gorien, r\u00e9pertoire \u00e0 l&#8217;\u00e9glise St Sauveur \u00e0 <strong>La Rochelle.<\/strong> Tarif 180 \u20ac + 8 \u20ac d&#8217;adh\u00e9sion. Descriptif et inscription:<a href=\"https:\/\/www.helloasso.com\/associations\/voix-d-aunis\" data-type=\"link\" data-id=\"https:\/\/www.helloasso.com\/associations\/voix-d-aunis\" target=\"_blank\" rel=\"noreferrer noopener\"> <\/a>en cours<br>Horaire. : 10h-17h \/ de 17h \u00e0 18h temps ouvert aux paroissiens pour la pr\u00e9paration des chants gr\u00e9goriens de la messe de l&#8217;\u00e9glise St Sauveur \u00e0 La Rochelle . Participation messe \u00e0 18h du 6 octobre 2024 <br><strong><mark style=\"background-color:rgba(0, 0, 0, 0);color:#d26228\" class=\"has-inline-color\">inscription et renseignements<\/mark><\/strong> <a href=\"https:\/\/www.helloasso.com\/associations\/voix-d-aunis\/evenements\/chant-gregorien-a-la-rochelle-eglise-st-sauveur-repertoire-10-au-12-octobre\" data-type=\"link\" data-id=\"https:\/\/www.helloasso.com\/associations\/voix-d-aunis\/evenements\/celebrons-le-solstice-d-ete-yoga-danse-chant-meditation\" target=\"_blank\" rel=\"noreferrer noopener\">cliquez ici<\/a><\/p>\n\n\n\n<figure class=\"wp-block-image\"><img loading=\"lazy\" decoding=\"async\" width=\"1560\" height=\"738\" src=\"https:\/\/voixdaunis.com\/wp-content\/uploads\/2025\/02\/fabienne-massanori.jpg\" alt=\"\" class=\"wp-image-1124\" srcset=\"https:\/\/voixdaunis.com\/wp-content\/uploads\/2025\/02\/fabienne-massanori.jpg 1560w, https:\/\/voixdaunis.com\/wp-content\/uploads\/2025\/02\/fabienne-massanori-300x142.jpg 300w, https:\/\/voixdaunis.com\/wp-content\/uploads\/2025\/02\/fabienne-massanori-1024x484.jpg 1024w, https:\/\/voixdaunis.com\/wp-content\/uploads\/2025\/02\/fabienne-massanori-768x363.jpg 768w, https:\/\/voixdaunis.com\/wp-content\/uploads\/2025\/02\/fabienne-massanori-1536x727.jpg 1536w, https:\/\/voixdaunis.com\/wp-content\/uploads\/2025\/02\/fabienne-massanori-500x237.jpg 500w, https:\/\/voixdaunis.com\/wp-content\/uploads\/2025\/02\/fabienne-massanori-1320x624.jpg 1320w\" sizes=\"auto, (max-width: 1560px) 100vw, 1560px\" \/><figcaption class=\"wp-element-caption\">Screenshot<\/figcaption><\/figure>\n\n\n\n<p><strong><mark style=\"background-color:rgba(0, 0, 0, 0);color:#00a337\" class=\"has-inline-color\">CHANT LYRIQUE<\/mark><\/strong><\/p>\n\n\n\n<p><strong>Jeudi 29 mai au 1er juin 2025<\/strong>\u00a0<strong>Chant lyrique<\/strong>, <strong>technique vocale<\/strong>, r\u00e9pertoire collectif, concert\u00a0Tarif : 210 \u20ac\u00a0 (170\u00a0\u00a0\u20ac pour deux jours)\u00a0+ 8 \u20ac d\u2019adh\u00e9sion\u00a0 <strong><mark style=\"background-color:rgba(0, 0, 0, 0);color:#d26228\" class=\"has-inline-color\">inscription et renseignements<\/mark><\/strong> <a href=\"https:\/\/www.helloasso.com\/associations\/voix-d-aunis\/evenements\/chant-lyrique-technique-vocale-repertoire-collectif-29-mai-au-1er-juin-2025\" data-type=\"link\" data-id=\"https:\/\/www.helloasso.com\/associations\/voix-d-aunis\/evenements\/celebrons-le-solstice-d-ete-yoga-danse-chant-meditation\" target=\"_blank\" rel=\"noreferrer noopener\">cliquez ici<\/a><br><strong>Samedi 28 et 29 juin 2025<\/strong>\u00a0<strong>Chant lyrique<\/strong>, technique vocale, r\u00e9pertoire collectif, concert\u00a0160\u00a0\u00a0\u20ac\u00a0 + 8 \u20ac d\u2019adh\u00e9sion\u00a0\u00a0 <strong><mark style=\"background-color:rgba(0, 0, 0, 0);color:#d26228\" class=\"has-inline-color\">inscription et renseignements<\/mark><\/strong> <a href=\"https:\/\/www.helloasso.com\/associations\/voix-d-aunis\/evenements\/chant-lyrique-technique-vocale-repertoire-collectif-28-au-29-juin-2025\" data-type=\"link\" data-id=\"https:\/\/www.helloasso.com\/associations\/voix-d-aunis\/evenements\/celebrons-le-solstice-d-ete-yoga-danse-chant-meditation\" target=\"_blank\" rel=\"noreferrer noopener\">cliquez ici<\/a><\/p>\n\n\n\n<p><strong>Samedi 23 au mardi 26 aout 2025<\/strong> : Master Class de chant lyrique avec Fabienne Cellier-Triguel, chant et Massanori Kobiki, piano Tarif 285 \u20ac + 8 \u20ac d&#8217;adh\u00e9sion. <strong><mark style=\"background-color:rgba(0, 0, 0, 0);color:#d26228\" class=\"has-inline-color\">inscription et renseignements<\/mark><\/strong> <a href=\"https:\/\/www.helloasso.com\/associations\/voix-d-aunis\/evenements\/master-class-de-chant-lyrique-et-technique-vocale-bel-canto-23-au-26-aout-25-2\" data-type=\"link\" data-id=\"https:\/\/www.helloasso.com\/associations\/voix-d-aunis\/evenements\/celebrons-le-solstice-d-ete-yoga-danse-chant-meditation\" target=\"_blank\" rel=\"noreferrer noopener\">cliquez ici<\/a><\/p>\n\n\n\n<figure class=\"wp-block-image\"><img loading=\"lazy\" decoding=\"async\" width=\"2048\" height=\"1365\" src=\"https:\/\/voixdaunis.com\/wp-content\/uploads\/2024\/07\/fontdouce-concert-medieval.jpeg\" alt=\"\" class=\"wp-image-1001\" srcset=\"https:\/\/voixdaunis.com\/wp-content\/uploads\/2024\/07\/fontdouce-concert-medieval.jpeg 2048w, https:\/\/voixdaunis.com\/wp-content\/uploads\/2024\/07\/fontdouce-concert-medieval-300x200.jpeg 300w, https:\/\/voixdaunis.com\/wp-content\/uploads\/2024\/07\/fontdouce-concert-medieval-1024x683.jpeg 1024w, https:\/\/voixdaunis.com\/wp-content\/uploads\/2024\/07\/fontdouce-concert-medieval-768x512.jpeg 768w, https:\/\/voixdaunis.com\/wp-content\/uploads\/2024\/07\/fontdouce-concert-medieval-1536x1024.jpeg 1536w, https:\/\/voixdaunis.com\/wp-content\/uploads\/2024\/07\/fontdouce-concert-medieval-450x300.jpeg 450w\" sizes=\"auto, (max-width: 2048px) 100vw, 2048px\" \/><\/figure>\n\n\n\n<p><strong><mark style=\"background-color:rgba(0, 0, 0, 0);color:#00a337\" class=\"has-inline-color\">STAGE ET RETRAITE A L&#8217;ABBAYE DE FONTDOUCE<\/mark><\/strong><br><strong>Lundi 20 au jeudi  23 octobre 2025<\/strong> Stage \u00e0&nbsp;<strong>l\u2019<a href=\"https:\/\/www.fontdouce.com\/\" target=\"_blank\" rel=\"noreferrer noopener\">Abbaye de Fontdouce <\/a>(17)<\/strong>&nbsp;Chant m\u00e9di\u00e9val et conscience corporelle, avec Christine Wahl, et Fabienne Cellier-Triguel. <\/p>\n\n\n\n<p><strong>Th\u00e8me <\/strong>: Songe \/Son-jeux ! Dans l\u2019amour courtois, le chant gr\u00e9gorien, les \u0153uvres<br>d\u2019Hildegarde de Bingen, ainsi que dans la conscience int\u00e9rieure du corps, de l\u2019esprit et<br>de l\u2019expression&#8230; Le jeu, pour aIeindre la joie (<em>le <\/em><strong><em>Joi<\/em><\/strong><em>, <\/em>\u00e9nergie cr\u00e9aKve des troubadours), jusqu\u2019au rire f\u00e9d\u00e9rateur et lib\u00e9rateur. Le jeu, porte du r\u00eave, de l\u2019imaginaKon, du songe&#8230;<br>Jouer avec le chant, le phras\u00e9, l\u2019improvisation, les neumes, le mouvement et la danse. \u00c0 travers cette porte ouverte de l\u2019imagination, entrer dans le songe, la m\u00e9ditation et le silence, se laisser porter par le ressenti du corps ou l\u2019envol de l\u2019imaginaire.<br><strong>R\u00e9pertoire : &nbsp;<\/strong> Chants des Troubadours, Troba\u00efritz et Trouv\u00e8res; Cantigas de Santa Maria , Hildegard de Bingen XIIe ,&nbsp; Llibre Vermell,&nbsp; Codex Calixtinus (Liber Sancti Jacobi des p\u00e8lerins de Saint-Jacques de Compostelle) Chant Gr\u00e9gorien, chant s\u00e9farade,.\u2026 Monodies et polyphonies, sacr\u00e9es et profanes m\u00e9di\u00e9vales, jeux d\u2019improvisation et joutes vocales !<br><strong>Contenu<\/strong>&nbsp;: Mise en corps par des encha\u00eenements issus du tai-chi et du Qi Kong, de la danse et de l\u2019anatomie\u2026 Mise en voix, en souffle et en chant li\u00e9e au th\u00e8me du Songe \/Son-jeux ; en&nbsp;r\u00e9sonance&nbsp;avec l&#8217;architecture et l\u2019acoustique des diff\u00e9rentes salles de l\u2019abbaye.&nbsp;&nbsp;Apprentissage des chants par transmission orale ou avec les partitions.<\/p>\n\n\n\n<p><strong>H\u00e9bergement <\/strong>\u00e0 l&#8217;abbaye (places limit\u00e9es) et chambres d&#8217;h\u00f4te&#8230;`<br> Descriptif et inscription \u00e0 l&#8217;abbaye de Fontdouce <br><strong>Flyer :<\/strong> <strong><mark style=\"background-color:rgba(0, 0, 0, 0);color:#d26228\" class=\"has-inline-color\">inscription et renseignements<\/mark><\/strong> <a href=\"https:\/\/voixdaunis.com\/wp-content\/uploads\/2025\/05\/Flyer-Stage-de-chant-Octobre-2025.pdf\" data-type=\"link\" data-id=\"https:\/\/www.helloasso.com\/associations\/voix-d-aunis\/evenements\/celebrons-le-solstice-d-ete-yoga-danse-chant-meditation\" target=\"_blank\" rel=\"noreferrer noopener\">cliquez ici<\/a><\/p>\n\n\n\n<p>contact@fontdouce.com 05 46 74 77 08 Abbaye de Fontdouce<br>17770&nbsp;Saint Bris des Bois<\/p>\n\n\n<div class=\"wp-block-image\">\n<figure class=\"aligncenter\"><img loading=\"lazy\" decoding=\"async\" width=\"300\" height=\"400\" src=\"https:\/\/voixdaunis.com\/wp-content\/uploads\/2018\/05\/fabienne_fontdouce.jpg\" alt=\"\" class=\"wp-image-352\" srcset=\"https:\/\/voixdaunis.com\/wp-content\/uploads\/2018\/05\/fabienne_fontdouce.jpg 300w, https:\/\/voixdaunis.com\/wp-content\/uploads\/2018\/05\/fabienne_fontdouce-225x300.jpg 225w\" sizes=\"auto, (max-width: 300px) 100vw, 300px\" \/><\/figure>\n<\/div>\n\n\n<p><strong>Fabienne Cellier-Triguel<\/strong> Artiste Lyrique et M\u00e9di\u00e9vale.-Soprano-Professeur de chant lyrique (DE) Conscience vocale-Yoga du son<\/p>\n\n\n<div class=\"wp-block-image\">\n<figure class=\"aligncenter is-resized\"><img loading=\"lazy\" decoding=\"async\" width=\"243\" height=\"364\" src=\"https:\/\/voixdaunis.com\/wp-content\/uploads\/2018\/05\/christinewahl_dim.jpg\" alt=\"\" class=\"wp-image-351\" style=\"width:347px;height:auto\" srcset=\"https:\/\/voixdaunis.com\/wp-content\/uploads\/2018\/05\/christinewahl_dim.jpg 243w, https:\/\/voixdaunis.com\/wp-content\/uploads\/2018\/05\/christinewahl_dim-200x300.jpg 200w\" sizes=\"auto, (max-width: 243px) 100vw, 243px\" \/><\/figure>\n<\/div>\n\n\n<p>Christine Wahl Professeur de danse, de Tai-chi-chuan, conscience corporelle, et th\u00e9rapeute manuelle <a href=\"https:\/\/www.christinewahl.co\/\">https:\/\/www.christinewahl.co\/<\/a><\/p>\n\n\n<div class=\"wp-block-image\">\n<figure class=\"aligncenter\"><img loading=\"lazy\" decoding=\"async\" width=\"302\" height=\"201\" src=\"https:\/\/voixdaunis.com\/wp-content\/uploads\/2018\/05\/Massanori_Kobiki.jpg\" alt=\"\" class=\"wp-image-354\" srcset=\"https:\/\/voixdaunis.com\/wp-content\/uploads\/2018\/05\/Massanori_Kobiki.jpg 302w, https:\/\/voixdaunis.com\/wp-content\/uploads\/2018\/05\/Massanori_Kobiki-300x200.jpg 300w\" sizes=\"auto, (max-width: 302px) 100vw, 302px\" \/><\/figure>\n<\/div>\n\n\n<p><strong>Massanori Kobiki<\/strong> pianiste, chef de chant<\/p>\n\n\n\n<p><strong>Nous contacter<\/strong> Centredelavoix17@gmail.com www.voixdaunis.com 06 99 90 44 57<\/p>\n\n\n<div class=\"wp-block-image\">\n<figure class=\"aligncenter\"><img loading=\"lazy\" decoding=\"async\" width=\"1123\" height=\"727\" src=\"https:\/\/voixdaunis.com\/wp-content\/uploads\/2017\/09\/cerisier_raguenaud.jpg\" alt=\"Pour les stages en r\u00e9sidences\" class=\"wp-image-56\" srcset=\"https:\/\/voixdaunis.com\/wp-content\/uploads\/2017\/09\/cerisier_raguenaud.jpg 1123w, https:\/\/voixdaunis.com\/wp-content\/uploads\/2017\/09\/cerisier_raguenaud-300x194.jpg 300w, https:\/\/voixdaunis.com\/wp-content\/uploads\/2017\/09\/cerisier_raguenaud-768x497.jpg 768w, https:\/\/voixdaunis.com\/wp-content\/uploads\/2017\/09\/cerisier_raguenaud-1024x663.jpg 1024w, https:\/\/voixdaunis.com\/wp-content\/uploads\/2017\/09\/cerisier_raguenaud-463x300.jpg 463w\" sizes=\"auto, (max-width: 1123px) 100vw, 1123px\" \/><\/figure>\n<\/div>\n\n\n<p><strong>S\u00e9jours\/camping \u00e0 la ferme\/ gite insolite et tentes Inuit<\/strong> Pour les stages en r\u00e9sidence \u00e0 St Sauveur d&#8217;Aunis (20 minutes de La Rochelle) ou un temps de un temps de retour vers la nature ( \u00e0 la porte du Marais Poitevin)<\/p>\n\n\n\n<figure class=\"wp-block-table\"><table><thead><tr><th>DESCRIPTIF DES STAGES  2024<\/th><\/tr><\/thead><tbody><tr><td><br><strong><mark style=\"background-color:rgba(0, 0, 0, 0);color:#00a337\" class=\"has-inline-color\">STAGE HILDEGARDE DE BINGEN, CHANT ET MEDITATION<\/mark><\/strong><br><strong>Hildegarde de Bingen, stages, et concerts  de chant et m\u00e9ditation&nbsp;<\/strong>:&nbsp;19 au 21 avril 2024 de 10h-17h&nbsp;<br>Tarif : 180 \u20ac \/ stage + 8 \u20ac d\u2019adh\u00e9sion (r\u00e9duction de 10 % pour l&#8217;inscription \u00e0 2 stages); Descriptif et inscription sur Helloasso. <br>Du&nbsp;19 au 21 avril 2024 &nbsp;<a href=\"https:\/\/www.helloasso.com\/associations\/voix-d-aunis\/evenements\/hildegarde-de-bingen-stage-de-chant-et-meditation-19-au-21-avril-2024\" data-type=\"URL\" data-id=\"https:\/\/www.helloasso.com\/associations\/voix-d-aunis\/evenements\/hildegarde-de-bingen-stage-de-chant-et-meditation-19-au-21-avril-2024\" target=\"_blank\" rel=\"noreferrer noopener\">cliquez ici<\/a>&nbsp;<br>Du 21 au 23 juin 2024 Renseignements et inscription : <a href=\"https:\/\/www.helloasso.com\/associations\/voix-d-aunis\/evenements\/hildegarde-de-bingen-stage-de-chant-et-meditation-19-au-21-avril-2024-2\">cliquez ici<\/a><br><strong>Jeudi 18 au 21 juillet 2024 :<\/strong> Stage et concerts, Hildegarde chant, r\u00e9pertoire et m\u00e9ditation. Tarif 240 \u20ac + 8 \u20ac d&#8217;adh\u00e9sion ( 210 euros pour 3 jours). Descriptif et inscription: <a href=\"https:\/\/www.helloasso.com\/associations\/voix-d-aunis\" data-type=\"link\" data-id=\"https:\/\/www.helloasso.com\/associations\/voix-d-aunis\" target=\"_blank\" rel=\"noreferrer noopener\">cliquez ici<\/a>&#8220;<br><strong>Jeudi 16 au 18  ao\u00fbt 2024 :<\/strong> Stage et concerts, Hildegarde chant et m\u00e9ditation<br>Tarif 210 \u20ac + 8 \u20ac d&#8217;adh\u00e9sion . Descriptif et inscription: <a href=\"https:\/\/www.helloasso.com\/associations\/voix-d-aunis\" data-type=\"link\" data-id=\"https:\/\/www.helloasso.com\/associations\/voix-d-aunis\" target=\"_blank\" rel=\"noreferrer noopener\">cliquez ici<\/a><br><strong>Vendredi 13 au mardi 17 septembre 2024<\/strong>&nbsp;: Hildegarde de Bingen, stage Hildegarde chant, r\u00e9pertoire et m\u00e9ditation, et concerts \u00e0 St Sauveur d\u2019Aunis et \u00e9glises de l\u2019Aunis. <br>Tarif 280 \u20ac + 8 \u20ac d&#8217;ad ( 210 \u20ac pour 3 jours du 13 au 15 sept) . Descriptif et inscription: <a href=\"https:\/\/www.helloasso.com\/associations\/voix-d-aunis\" data-type=\"link\" data-id=\"https:\/\/www.helloasso.com\/associations\/voix-d-aunis\" target=\"_blank\" rel=\"noreferrer noopener\">cliquez ici<\/a><br><strong>Lieux :&nbsp;terres de la Raguenaudi\u00e8re, \u00e0 St Sauveur d&#8217;Aunis.&nbsp;<\/strong><br><strong>Contenus :&nbsp;&nbsp;<\/strong>Apprendre \u00e0 chanter les m\u00e9lodies qui ont inspir\u00e9 Hildegarde de Bingen, cette exceptionnelle abbesse du XIIe si\u00e8cle. Tout en d\u00e9veloppant la technique vocale, nous apprendrons les chants, les neumes (\u00e9criture musicale m\u00e9di\u00e9vale) par transmission orale et avec les partitions.&nbsp;<strong>La technique vocale en conscience corps&amp;voix s&#8217;inspirera des enseignements d&#8217;Hildegarde-<\/strong>des vents aux \u00e9l\u00e9ments, du v\u00e9g\u00e9tal \u00e0 l&#8217;animal, dans l&#8217;\u00e9quilibre et l&#8217;harmonie-&nbsp;de ses chants et de la modalit\u00e9 m\u00e9di\u00e9vale.&nbsp;Des temps de m\u00e9ditation viendront ponctuer les journ\u00e9es, ou des cercles de chant et m\u00e9ditation, en abordant des techniques de m\u00e9ditation et de silences issues du chant sacr\u00e9 et du yoga du son.&nbsp; &nbsp;Nous pourrons aussi chanter dans les \u00e9glises, la nature, improviser&#8230;.Chaque stage abordera un r\u00e9pertoire diff\u00e9rent et commun, ainsi&nbsp;les stagiaires selon leurs possibilit\u00e9s pourront rejoindre les concerts des autres stages, et chanter en ensemble ou en soliste.&nbsp;&nbsp;<br><strong>Concert de fin de stage: Mots et chants d&#8217;Hildegarde. Chaque concert aura ses mots et ses chants, li\u00e9s aux participants et aux \u00e9changes.&nbsp;&nbsp;<\/strong><br><strong>Artiste et intervenant&nbsp;&nbsp;:<\/strong>Fabienne Cellier-Triguel<br><strong>Concerts de fin de stage<\/strong>&nbsp;: \u00e0 16h le dernier jour dans une \u00e9glise de l&#8217;Aunis<br><br>Autre lieu : <strong>Samedi 12 et dimanche 13 octobre 2024, <\/strong>Hildegarde de Bingen, chant et m\u00e9ditation<strong>,&nbsp;<\/strong>organis\u00e9 par le centre Mouneyra <strong>&nbsp;Bordeaux.<\/strong> Tarid 150 \u20ac <a href=\"https:\/\/www.espace-mouneyra.com\/\" data-type=\"link\" data-id=\"https:\/\/www.espace-mouneyra.com\/\" target=\"_blank\" rel=\"noreferrer noopener\"> cliquez ici<\/a>)<br><br><strong><mark style=\"background-color:rgba(0, 0, 0, 0);color:#00a337\" class=\"has-inline-color\">STAGE DE CHANT GREGORIEN&nbsp;ET MEDITATION<\/mark><\/strong><br><strong>Lundi 22 au 25 juillet 2024 <\/strong>: Stage et concerts, chant gr\u00e9gorien, d\u00e9couverte du patrimoine, \u00e0 St Sauveur d&#8217;Aunis et \u00e9glises d&#8217;Aunis, th\u00e8me St Jacques et Marie-Madeleine. Horaire : 10h-17h30<br>Tarif 240 \u20ac + 8 \u20ac d&#8217;adh\u00e9sion ( 210 euros pour 3 jours). Descriptif et inscription: <a href=\"https:\/\/www.helloasso.com\/associations\/voix-d-aunis\" data-type=\"link\" data-id=\"https:\/\/www.helloasso.com\/associations\/voix-d-aunis\" target=\"_blank\" rel=\"noreferrer noopener\">cliquez ici<\/a><br><br><strong>MARIE-MADELEINE<\/strong><br><strong>&nbsp;<\/strong>Apprendre \u00e0 chanter l<strong>es m\u00e9lodies gr\u00e9goriennes destin\u00e9es \u00e0 Marie-Madeleine<\/strong>, dont ce sera la f\u00eate le 22 juillet, ainsi que<strong>&nbsp;le r\u00e9pertoire marial et coeur sacr\u00e9 f\u00e9minin<\/strong>. Tout en d\u00e9veloppant sa technique vocale, nous apprendrons les chants, les neumes (\u00e9criture musicale m\u00e9di\u00e9vale) par transmission orale et avec les partitions.Technique vocale en conscience corps&amp;voix, inspir\u00e9e du chant modal m\u00e9di\u00e9val, du yoga du son,&nbsp; de la conscience corporelle, du souffle, de l\u2019expression, de l\u2019anatomie,<strong>\u2026La technique vocale en conscience corps&amp;voix s&#8217;inspirera \u00e9galement du coeur f\u00e9minin sacr\u00e9, dans sa dimension visc\u00e9rale, du soutien et de la respiration, dans son expression et intention.&nbsp;<\/strong>Comment l&#8217;intention et sa reliance au corps-coeur nourrissent son phras\u00e9 ainsi que sa voix interieure et projet\u00e9e ?&nbsp;Des temps de m\u00e9ditation viendront ponctuer les journ\u00e9es, pour une meilleure assimilation de ces chants, et vivre les bienfaits qu&#8217;ils procurent, en abordant des techniques de m\u00e9ditation issues du chant sacr\u00e9 et du yoga du son. Nous pourrons aussi chanter dans les \u00e9glises , la nature,&#8230;Concert final. <strong>Artiste et intervenant&nbsp;&nbsp;:&nbsp;<\/strong>Fabienne Cellier-Triguel<br><strong>SAINT-JACQUES <\/strong>: cette ann\u00e9e, c&#8217;est dans un m\u00eame stage que nous aborderons le r\u00e9pertoire \u00e0 St Jacques et celui de Sainte Madeleine. Ce sera l&#8217;occasion d&#8217;aborder un stage sacr\u00e9 f\u00e9minin et sacr\u00e9 masculin dans le r\u00e9pertoire mais aussi dans l&#8217;expression, la conscience vocale, le yoga du son, les temps de m\u00e9ditation. <br><strong><mark style=\"background-color:rgba(0, 0, 0, 0);color:#00a337\" class=\"has-inline-color\">STAGE DE CHANT GREGORIEN&nbsp;ET REPERTOIRE<\/mark><\/strong><br><strong>Vendredi 4 au dimanche 6 octobre 2024 <\/strong>: Chant gr\u00e9gorien, r\u00e9pertoire \u00e0 l&#8217;\u00e9glise St Sauveur \u00e0 <strong>La Rochelle.<\/strong> Tarif 180 \u20ac + 8 \u20ac d&#8217;adh\u00e9sion. Descriptif et inscription: <a href=\"https:\/\/www.helloasso.com\/associations\/voix-d-aunis\" data-type=\"link\" data-id=\"https:\/\/www.helloasso.com\/associations\/voix-d-aunis\" target=\"_blank\" rel=\"noreferrer noopener\">cliquez ici<\/a><br>Horaire. : 10h-17h \/ de 17h \u00e0 18h temps ouvert aux paroissiens pour la pr\u00e9paration des chants gr\u00e9goriens de la messe de l&#8217;\u00e9glise St Sauveur \u00e0 La Rochelle . Participation messe \u00e0 18h du 6 octobre 2024<br><br><a href=\"https:\/\/www.helloasso.com\/associations\/voix-d-aunis\/evenements\/chanter-hildegarde-stage-de-chant-et-meditation-2\" target=\"_blank\" rel=\"noreferrer noopener\">Chante \u00e0 P\u00e2ques ! Chant gr\u00e9gorien <\/a> du 28 au 30 mars 2024<br>Apprendre \u00e0 chanter les m\u00e9lodies gr\u00e9goriennes . Tout en d\u00e9veloppant sa technique vocale, nous apprendrons les chants, les neumes (\u00e9criture musicale m\u00e9di\u00e9vale) par transmission orale et avec les partitions. Des temps de m\u00e9ditation et de yoga du son viendront ponctuer les journ\u00e9es, pour une meilleure assimilation de ces chants, et vivre les bienfaits qu&#8217;ils procurent. Nous pourrons aussi vivre des temps de chant dans les \u00e9glises , la nature, &#8230;.Intervenante : Fabienne Cellier-Triguel ; Tarif : 180 \u20ac \/ stage + 8 \u20ac d\u2019adh\u00e9sion (r\u00e9duction de 10 % pour l&#8217;inscription \u00e0 2 stages); 140 euros pour deux jours \/ Descriptif et inscription sur Helloasso.: <a href=\"https:\/\/www.helloasso.com\/associations\/voix-d-aunis\" target=\"_blank\" rel=\"noreferrer noopener\">cliquez ici<\/a> &nbsp; <br><br><strong><mark style=\"background-color:rgba(0, 0, 0, 0);color:#00a337\" class=\"has-inline-color\">STAGE CHANT LYRIQUE, TECHNIQUE VOCALE  ET BEL CANTO <\/mark><\/strong><br><a href=\"https:\/\/www.helloasso.com\/associations\/voix-d-aunis\/evenements\/le-chant-lyrique-en-collectif-technique-vocale-et-bel-canto\" data-type=\"link\" data-id=\"https:\/\/www.helloasso.com\/associations\/voix-d-aunis\/evenements\/le-chant-lyrique-en-collectif-technique-vocale-et-bel-canto\">Chant lyrique, technique vocale et bel canto,<\/a> en collectif et Master Class \u00e0 Saint-Sauveur d&#8217;Aunis<br><br><strong>Jeudi 22 au samedi 24 Ao\u00fbt<\/strong>, Stage et Master Classe de chant Lyrique \u00e0 St Sauveur d&#8217;Aunis, avec Fabienne Cellier-Triguel, soprano, et Massanori Kobiki pianiste. Tarif 210 \u20ac + 8 \u20ac d&#8217;adh\u00e9sion ( 165 euros pour 2 jours-sur acceptation). Descriptif et inscription: <a href=\"https:\/\/www.helloasso.com\/associations\/voix-d-aunis\" data-type=\"link\" data-id=\"https:\/\/www.helloasso.com\/associations\/voix-d-aunis\" target=\"_blank\" rel=\"noreferrer noopener\">cliquez ici<\/a> <br>Travailler le chant et la technique vocale \u00e0 travers le r\u00e9pertoire lyrique, le bel canto. D\u00e9velopper sa pratique du chant pour tous niveaux, avec des temps individuels en Master Class, ou d\u00e9velopper sa p\u00e9dagogie dans l&#8217;enseignement collectif du chant. R\u00e9pertoire Lyrique, airs anciens, Lieder et la M\u00e9lodies. Par le r\u00e9pertoire musical, le phras\u00e9, la conscience Corps et Voix, l&#8217;anatomie, les vocalises, la technique vocale prend ses bases, se construit.<br> <strong>Vendredi 10 au 12 mai 2024<\/strong><br><br><strong><mark style=\"background-color:rgba(0, 0, 0, 0);color:#00a337\" class=\"has-inline-color\">STAGE ET RETRAITE A L&#8217;ABBAYE DE FONTDOUCE<\/mark><\/strong><br><strong>Mardi 22 au Vendredi 25 octobre 2024,<\/strong> Stage \u00e0&nbsp;<strong>l\u2019<a href=\"https:\/\/www.fontdouce.com\/\" target=\"_blank\" rel=\"noreferrer noopener\">Abbaye de Fontdouce <\/a>(17)<\/strong>&nbsp;Chant m\u00e9di\u00e9val et conscience corporelle, avec Christine Wahl, et Fabienne Cellier-Triguel. Th\u00e8me de la joie ! La Jo\u00efa, \u00e9nergie cr\u00e9ative, dans l&#8217;amour courtois, la joie d&#8217;Hildegarde et dans la conscience int\u00e9rieure&#8230;<br>Tarif : 295 \u20ac+ + 8 \u20ac d&#8217;adh. Descriptif et inscription \u00e0 l&#8217;abbaye de Fontdouce .<a href=\"https:\/\/abbaye-fontdouce.com\/\" data-type=\"link\" data-id=\"https:\/\/abbaye-fontdouce.com\/\" target=\"_blank\" rel=\"noreferrer noopener\"> cliquez ici<\/a> <a href=\"https:\/\/voixdaunis.com\/wp-content\/uploads\/2024\/07\/Flyer-Stage-de-chant-Octobre-2024.pdf\">Flyer<\/a><br>H\u00e9bergement \u00e0 l&#8217;abbaye (places limit\u00e9es) et chambres d&#8217;h\u00f4te&#8230;`<br><strong>Descriptif<\/strong> : <a href=\"https:\/\/voixdaunis.com\/index.php\/2024\/06\/24\/stage-et-retraite-a-labbaye-de-fontdouce\/\">https:\/\/voixdaunis.com\/index.php\/2024\/06\/24\/stage-et-retraite-a-labbaye-de-fontdouce\/<\/a><br><strong>Flyer : <a href=\"https:\/\/voixdaunis.com\/wp-content\/uploads\/2024\/07\/Flyer-Stage-de-chant-Octobre-2024-V3.pdf\" data-type=\"link\" data-id=\"https:\/\/voixdaunis.com\/wp-content\/uploads\/2024\/07\/Flyer-Stage-de-chant-Octobre-2024-V3.pdf\" target=\"_blank\" rel=\"noreferrer noopener\">cliquez ici<\/a><\/strong><br><br><strong><mark style=\"background-color:rgba(0, 0, 0, 0);color:#00a337\" class=\"has-inline-color\">CERCLE DE CHANT ET MEDITATION <\/mark><\/strong><br><strong>M\u00e9ditation de la lune, cercle de chant et m\u00e9ditation ,&nbsp;<\/strong> dates en cours . Descriptif et inscription sur Helloasso.&nbsp;<a href=\"https:\/\/www.helloasso.com\/associations\/voix-d-aunis\/evenements\/cercle-de-chant-et-meditation-1\" target=\"_blank\" rel=\"noreferrer noopener\">cliquez ici<\/a>&nbsp;&nbsp;&nbsp;Nous proposerons des cercles de chant et m\u00e9ditation durant les stages sur Hildegarde et des concerts m\u00e9ditatifs. Nous r\u00e9flechissons \u00e0 un stage le 23 septembre Lune et F\u00e9minin, chant sacr\u00e9 et Danse Bio-dynamique avec Gabrielle Escalano.&nbsp; &nbsp; &nbsp; &nbsp;&nbsp;<br><strong>Lieux :&nbsp;Centre de la Voix d&#8217;Aunis, terres de la Raguenaudi\u00e8re, \u00e0 St Sauveur d&#8217;Aunis.&nbsp;<\/strong><br><strong>Contenus : Chants et silence&nbsp;<\/strong>&nbsp;Chant, souffle, yoga du son, m\u00e9ditation (forme courte de concert m\u00e9ditatif)<br>Dans un cercle convivial, autour d\u2019un mandala et de bougies, se rencontrer, vivre un moment de chants traditionnels et sacr\u00e9s, de souffle, de corps en conscience, de yoga du son, de voyage sonore, et exp\u00e9rimenter une m\u00e9ditation profonde par le chant et le silence, une forme courte de concert m\u00e9ditatif.&nbsp; Les cercles peuvent se d\u00e9rouler sur une soir\u00e9e ou lors d&#8217;un stage plus long afin de se pr\u00e9parer plus en profondeur. Selon la m\u00e9t\u00e9o, une partie du cercle peut avoir lieu dehors, autour du feu (braseiro)&#8230; Au programme, chants m\u00e9di\u00e9vaux,&nbsp; traditionnels, s\u00e9farades,&nbsp; mantras, temps de partage, voyage sonore et &nbsp;forme courte de concert m\u00e9ditatif ( chants sacr\u00e9s et silences). Les chants traditionnels et les canons sont aussi une source d&#8217;ancrage et de joie partag\u00e9e de chanter ensemble. &nbsp; Ils sont propos\u00e9s en d\u00e9but et fin de cercle.&nbsp;<br><strong>Artiste et intervenant :&nbsp;<\/strong>Fabienne Cellier-Triguel&nbsp; &nbsp;<br><br><strong><mark style=\"background-color:rgba(0, 0, 0, 0);color:#00a337\" class=\"has-inline-color\">ATELIERS HEBDOMADAIRE DE CHANT LYRIQUE  DE CHANT GREGORIEN&nbsp;ET MEDITATION<\/mark><\/strong><br>Tous les mardi au centre social de St Eloi, 40 rue basse de St Eloi \u00e0 La Rochelle de 20h \u00e0 21h30, Chant gr\u00e9gorien et d&#8217;Hildegarde de Bingen de 17h \u00e0 18h, et cours individuel de 18h \u00e0 20h. A partir du dernier mardi de septembre, en dehors des p\u00e9riodes scolaires.<br><br><strong>COURS DE CHANT<\/strong> sur rendez vous, La Rochelle, St Sauveur d&#8217;Aunis ou en visio. Inscription sur helloasso <a href=\"https:\/\/www.helloasso.com\/associations\/voix-d-aunis\/boutiques\/cours-de-chant\">Cliquez ici<\/a><br><br><strong><mark style=\"background-color:rgba(0, 0, 0, 0);color:#00a337\" class=\"has-inline-color\">STAGE DE CHANT GREGORIEN&nbsp;ET MEDITATION<\/mark><\/strong><br><strong>MARIE-MADELEINE , stage de chant gr\u00e9gorien et m\u00e9ditation,&nbsp;<\/strong>dates en cours&nbsp;&nbsp;(Descriptif et inscription sur Helloasso.&nbsp; &nbsp;<a href=\"https:\/\/www.helloasso.com\/associations\/voix-d-aunis\" target=\"_blank\" rel=\"noreferrer noopener\">cliquez ici<\/a>&nbsp;&nbsp;<br><strong>Lieux :&nbsp;Centre de la Voix d&#8217;Aunis, terres de la Raguenaudi\u00e8re, \u00e0 St Sauveur d&#8217;Aunis.&nbsp;<\/strong><br><strong>Contenus :&nbsp;&nbsp;<\/strong>Apprendre \u00e0 chanter l<strong>es m\u00e9lodies gr\u00e9goriennes destin\u00e9es \u00e0 Marie-Madeleine<\/strong>, dont ce sera la f\u00eate le 22 juillet, ainsi que<strong>&nbsp;le r\u00e9pertoire marial et coeur sacr\u00e9 f\u00e9minin<\/strong>. Tout en d\u00e9veloppant sa technique vocale, nous apprendrons les chants, les neumes (\u00e9criture musicale m\u00e9di\u00e9vale) par transmission orale et avec les partitions.Technique vocale en conscience corps&amp;voix, inspir\u00e9e du chant modal m\u00e9di\u00e9val, du yoga du son,&nbsp; de la conscience corporelle, du souffle, de l\u2019expression, de l\u2019anatomie,<strong>\u2026La technique vocale en conscience corps&amp;voix s&#8217;inspirera \u00e9galement du coeur f\u00e9minin sacr\u00e9, dans sa dimension visc\u00e9rale, du soutien et de la respiration, dans son expression et intention.&nbsp;<\/strong>Comment l&#8217;intention et sa reliance au corps-coeur nourrissent son phras\u00e9 ainsi que sa voix interieure et projet\u00e9e ?&nbsp;Des temps de m\u00e9ditation viendront ponctuer les journ\u00e9es, pour une meilleure assimilation de ces chants, et vivre les bienfaits qu&#8217;ils procurent, en abordant des techniques de m\u00e9ditation issues du chant sacr\u00e9 et du yoga du son. Nous pourrons aussi chanter dans les \u00e9glises , la nature,&#8230;Concert final. <strong>Artiste et intervenant&nbsp;&nbsp;:&nbsp;<\/strong>Fabienne Cellier-Triguel<br><br><strong>St Jacques<\/strong>. : cette ann\u00e9e, c&#8217;est dans un m\u00eame stage que nous aborderons le r\u00e9pertoire \u00e0 St Jacques et celui de Sainte Madeleine. Ce sera l&#8217;occasion d&#8217;aborder un stage sacr\u00e9 f\u00e9minin et masculin dans le r\u00e9pertoire mais aussi dans la conscience vocale, le yoga du son, les temps de m\u00e9ditation. <br>&nbsp; &nbsp; &nbsp; &nbsp; &nbsp; &nbsp; &nbsp; &nbsp; &nbsp; &nbsp; &nbsp; &nbsp; &nbsp; &nbsp; &nbsp; &nbsp; &nbsp; &nbsp; &nbsp; &nbsp; &nbsp; &nbsp; &nbsp; &nbsp; &nbsp; &nbsp; &nbsp; &nbsp; <br><br>En 2023 et reconduit 2025&#8230;.<br><strong><mark style=\"background-color:rgba(0, 0, 0, 0);color:#00a337\" class=\"has-inline-color\">CHOEUR MEDIEVAL POUR LA ST JACQUES<\/mark><\/strong><br><strong>St Jacques de compostelle, stage de choeur, chant m\u00e9di\u00e9val et gr\u00e9gorien,&nbsp;<\/strong>dates en cours \/ 10h-17h &#8211; Tarifs : 180 \u20ac \/ stage + 8 \u20ac d\u2019adh\u00e9sion;&nbsp; T<strong>arif 3 demi-journ\u00e9es de 14h30 \u00e0 17h + concert : 95 euros.<\/strong>&nbsp;2 stages du 20 au 25 juillet 2023 : 320 euros ;&nbsp; Descriptif et inscription sur Helloasso.&nbsp;<a href=\"https:\/\/www.helloasso.com\/associations\/voix-d-aunis\/evenements\/st-jacques-de-compostelle-stage-de-chant-medieval-et-choeur-spontane\" target=\"_blank\" rel=\"noreferrer noopener\">cliquez ici<\/a>&nbsp;&nbsp;&nbsp;<br><strong>Lieux :&nbsp;Centre de la Voix d&#8217;Aunis, terres de la Raguenaudi\u00e8re, \u00e0 St Sauveur d&#8217;Aunis.&nbsp;<\/strong><br><strong>Contenus :&nbsp;<\/strong>Chanter en choeur le r\u00e9pertoire de St Jacques dont ce sera la f\u00eate le 25 juillet.<br>Chants m\u00e9di\u00e9vaux et traditionnels,&nbsp; chant gr\u00e9gorien, Canons,&nbsp; Livre de Saint Jacques ou Liber Sancti Jacobi (Codex Calixtinus)&#8230;. Tout en d\u00e9veloppant sa technique vocale, nous apprendrons les chants, les neumes (\u00e9criture musicale m\u00e9di\u00e9vale) par transmission orale et avec les partitions.&nbsp; Nous pourrons aussi chanter dans les \u00e9glises, dans la nature, sur des chemins..&nbsp; &nbsp;Mots extraits du guide du P\u00e8lerin de St Jacques de Compostelle &nbsp;de Marie-Armelle Meunier qui relie le P\u00e8lerin du Moyen \u00e2ge \u00e0 celui d&#8217;aujourd&#8217;hui.&nbsp;Un r\u00e9pertoire vari\u00e9 de marche pour chanter sur les chemins et de chants sacr\u00e9s pour prier.&nbsp;&nbsp;<strong>&nbsp;2 options : participer au 3 jours entiers ou participation sur 3 demi-journ\u00e9es-apr\u00e8s-midi-&nbsp; avec le concert final du choeur spontan\u00e9.&nbsp;<\/strong><br><strong>Artiste et intervenant&nbsp;:&nbsp;<\/strong>Fabienne Cellier-Triguel<br><strong>Concert de fin de stage<\/strong>&nbsp;: &nbsp; &nbsp; &nbsp; &nbsp; &nbsp; &nbsp; &nbsp; &nbsp; &nbsp; &nbsp; &nbsp; &nbsp; &nbsp; &nbsp; &nbsp; &nbsp; &nbsp; &nbsp; &nbsp; &nbsp; &nbsp; &nbsp; &nbsp; &nbsp; &nbsp; &nbsp; &nbsp; &nbsp; &nbsp; &nbsp;<br><br><br><br><strong>PROGRAMMER <\/strong>: Nous contacter<br>Un concert m\u00e9ditatif, un <a href=\"http:\/\/bonjour%2C%20%20%20le%20site%20http\/\/www.concert-acappella.com\/%20n'est%20toujours%20pas%20s%C3%A9curis%C3%A9.%20%20%20Je%20vous%20remercie%20de%20le%20s%C3%A9curiser%20%C3%A0%20nouveau%60%20Bien%20cordialement\" target=\"_blank\" rel=\"noreferrer noopener\">concert cont\u00e9 et chant\u00e9<\/a> , un concert de chant sacr\u00e9 (gr\u00e9gorien ou d&#8217;Hildegarde de Bingen)&#8230;<br>Un r\u00e9cital ou spectacle lyrique, un PROJET OPERA<br>Un cercle de chant et m\u00e9ditation d&#8217;1h15 ; 2 h30 ou plus<br>Un stage lyrique, m\u00e9di\u00e9val, gr\u00e9gorien, d&#8217;Hildegarde de Bingen, ou de technique vocale en conscience corps et voix.<br><\/td><\/tr><\/tbody><\/table><\/figure>\n\n\n\n<p><\/p>\n\n\n\n<p><\/p>\n\n\n\n<p><\/p>\n\n\n\n<p><strong>STAGE DE CHANT ET MEDITATION <\/strong>: <strong>m\u00e9diter par le chant et le silence.<\/strong> 10h-17h30 dates en cours  ; Gite des ormeaux (Chambon-17)<strong>. <\/strong>Techniques de m\u00e9ditation et de vibration du Yoga du son ; souffle (Pranayama), conscience vocale et corporelle, chants sacr\u00e9s m\u00e9di\u00e9vaux, bija mantras, bain sonore, chants et mantras d\u2019occident (Hildegarde de Bingen, chant gr\u00e9gorien), 60 \u20ac le stage + 8 \u20ac d\u2019adh. Concert m\u00e9ditatif \u00e0 14h, th\u00e8me de la Paix.  <a rel=\"noreferrer noopener\" href=\"https:\/\/voixdaunis.com\/wp-content\/uploads\/2022\/12\/stage-chant-meditation-yogaduson-17122022.jpg\" data-type=\"URL\" data-id=\"https:\/\/voixdaunis.com\/wp-content\/uploads\/2022\/12\/stage-chant-meditation-yogaduson-17122022.jpg\" target=\"_blank\">flyer<\/a> <a rel=\"noreferrer noopener\" href=\"https:\/\/voixdaunis.com\/wp-content\/uploads\/2022\/12\/bulletin-dinscription_stage.jpg\" data-type=\"URL\" data-id=\"https:\/\/voixdaunis.com\/wp-content\/uploads\/2022\/12\/bulletin-dinscription_stage.jpg\" target=\"_blank\">bulletin d&#8217;inscription<\/a><\/p>\n\n\n\n<p> <strong>Cycle Hildegarde de Bingen,<\/strong> source de vie, miroir de l&#8217;\u00e2me :&nbsp; &nbsp;stages consacr\u00e9s \u00e0 l\u2019Abbesse du XIIe (dates \u00e0 d\u00e9terminer )<br><\/p>\n\n\n\n<p><strong>Concert m\u00e9ditatif<\/strong> <\/p>\n\n\n\n<p><\/p>\n\n\n\n<p><strong>Stage de yoga du son \u00e0 St Sauveur d&#8217;Aunis (dates \u00e0 d\u00e9finir)<\/strong><br>conscience vocale, yoga du son, m\u00e9ditation. Mantras d&#8217;orient et d&#8217;occident (chant v\u00e9dique- gr\u00e9gorien-Hildegarde de Bingen-Cantigas), Hatha yoga sonore.<\/p>\n\n\n\n<p><strong>Planning ci-dessous <\/strong><br><br><strong>Jeudi 18 au 21 juillet 2024 :<\/strong> Stage et concerts, Hildegarde chant, r\u00e9pertoire et m\u00e9ditation. Tarif 240 \u20ac + 8 \u20ac d&#8217;adh\u00e9sion ( 210 euros pour 3 jours). Descriptif et inscription: <a href=\"https:\/\/www.helloasso.com\/associations\/voix-d-aunis\" data-type=\"link\" data-id=\"https:\/\/www.helloasso.com\/associations\/voix-d-aunis\" target=\"_blank\" rel=\"noreferrer noopener\">cliquez ici<\/a><br><strong>Lundi 22 au 25 juillet 2024 <\/strong>: Stage et concerts, chant gr\u00e9gorien, d\u00e9couverte du patrimoine, \u00e9glises d&#8217;Aunis, th\u00e8me St Jacques et Marie-Madeleine.<br>Tarif 240 \u20ac + 8 \u20ac d&#8217;adh\u00e9sion ( 210 euros pour 3 jours). Descriptif et inscription: <a href=\"https:\/\/www.helloasso.com\/associations\/voix-d-aunis\" data-type=\"link\" data-id=\"https:\/\/www.helloasso.com\/associations\/voix-d-aunis\" target=\"_blank\" rel=\"noreferrer noopener\">cliquez ici<\/a><br><strong>Jeudi 16 au 18  ao\u00fbt 2024 :<\/strong> Stage et concerts, Hildegarde chant et m\u00e9ditation<br>Tarif 210 \u20ac + 8 \u20ac d&#8217;adh\u00e9sion . Descriptif et inscription: <a href=\"https:\/\/www.helloasso.com\/associations\/voix-d-aunis\" data-type=\"link\" data-id=\"https:\/\/www.helloasso.com\/associations\/voix-d-aunis\" target=\"_blank\" rel=\"noreferrer noopener\">cliquez ici<\/a><br><strong>Jeudi 22 au samedi 24 Ao\u00fbt<\/strong>, Stage et Master Classe de chant Lyrique \u00e0 St Sauveur d&#8217;Aunis, avec Fabienne Cellier-Triguel, soprano, et Massanori Kobiki pianiste. Tarif 210 \u20ac + 8 \u20ac d&#8217;adh\u00e9sion ( 165 euros pour 2 jours-sur acceptation). Descriptif et inscription: <a href=\"https:\/\/www.helloasso.com\/associations\/voix-d-aunis\" data-type=\"link\" data-id=\"https:\/\/www.helloasso.com\/associations\/voix-d-aunis\" target=\"_blank\" rel=\"noreferrer noopener\">cliquez ici<\/a><br><strong>Vendredi 13 au mardi 17 septembre 2024<\/strong>&nbsp;: Hildegarde de Bingen, stage Hildegarde chant, r\u00e9pertoire et m\u00e9ditation, et concerts \u00e0 St Sauveur d\u2019Aunis et \u00e9glises de l\u2019Aunis. <br>Tarif 280 \u20ac + 8 \u20ac d&#8217;ad ( 210 \u20ac pour 3 jours du 13 au 15 sept) . Descriptif et inscription: <a href=\"https:\/\/www.helloasso.com\/associations\/voix-d-aunis\" data-type=\"link\" data-id=\"https:\/\/www.helloasso.com\/associations\/voix-d-aunis\" target=\"_blank\" rel=\"noreferrer noopener\">cliquez ici<\/a><br><strong>Samedi 28 au 29 septembre 2024&nbsp;<\/strong>: stage chant m\u00e9di\u00e9val et chant spontan\u00e9 avec Marie-Armelle Meunier et Fabienne Cellier-Triguel. \u201cDames troubadours, femmes d\u2019aujourd\u2019hui\u201d<br>Descriptif et inscription: <a href=\"https:\/\/www.helloasso.com\/associations\/voix-d-aunis\" data-type=\"link\" data-id=\"https:\/\/www.helloasso.com\/associations\/voix-d-aunis\" target=\"_blank\" rel=\"noreferrer noopener\">cliquez ici<\/a> (en cours) <br><strong>Vendredi 4 au dimanche 6 octobre 2024 <\/strong>: Chant gr\u00e9gorien, r\u00e9pertoire \u00e0 l&#8217;\u00e9glise St Sauveur \u00e0 <strong>La Rochelle.<\/strong> Tarif 180 \u20ac + 8 \u20ac d&#8217;adh\u00e9sion. Descriptif et inscription: <a href=\"https:\/\/www.helloasso.com\/associations\/voix-d-aunis\" data-type=\"link\" data-id=\"https:\/\/www.helloasso.com\/associations\/voix-d-aunis\" target=\"_blank\" rel=\"noreferrer noopener\">cliquez ici<\/a><br><strong>Samedi 12 et dimanche 13 octobre 2024, <\/strong>Hildegarde de Bingen, chant et m\u00e9ditation<strong>,&nbsp;<\/strong>organis\u00e9 par le centre Mouneyra \u00e0<strong>&nbsp;Bordeaux<\/strong><br> Tarif 150 \u20ac: Descriptif et inscription \u00e0 l&#8217;espace Mouneyra.<a href=\"https:\/\/www.espace-mouneyra.com\/\" data-type=\"link\" data-id=\"https:\/\/www.espace-mouneyra.com\/\" target=\"_blank\" rel=\"noreferrer noopener\"> cliquez ici<\/a><br><strong>Mardi 22 au Vendredi 25 octobre 2024,<\/strong> Stage \u00e0&nbsp;<strong>l\u2019<a href=\"https:\/\/www.fontdouce.com\/\" target=\"_blank\" rel=\"noreferrer noopener\">Abbaye de Fontdouce <\/a>(17)<\/strong>&nbsp;Chant m\u00e9di\u00e9val et conscience corporelle, avec Christine Wahl, et Fabienne Cellier-Triguel. Th\u00e8me de la joie ! La Jo\u00efa, dans l&#8217;amour courtois, la joie d&#8217;Hildegarde et dans la conscience int\u00e9rieure&#8230;<br>Tarif : 295 \u20ac+ + 8 \u20ac d&#8217;adh. Inscription \u00e0 l&#8217;<a href=\"https:\/\/abbaye-fontdouce.com\/\" data-type=\"link\" data-id=\"https:\/\/abbaye-fontdouce.com\/\" target=\"_blank\" rel=\"noreferrer noopener\">Abbaye de Fontdouce<\/a><br><strong>Descriptif<\/strong> : <a href=\"https:\/\/voixdaunis.com\/index.php\/2024\/06\/24\/stage-et-retraite-a-labbaye-de-fontdouce\/\">https:\/\/voixdaunis.com\/index.php\/2024\/06\/24\/stage-et-retraite-a-labbaye-de-fontdouce\/<\/a><br><strong>Flyer : <a href=\"https:\/\/voixdaunis.com\/wp-content\/uploads\/2024\/07\/Flyer-Stage-de-chant-Octobre-2024-V3.pdf\" data-type=\"link\" data-id=\"https:\/\/voixdaunis.com\/wp-content\/uploads\/2024\/07\/Flyer-Stage-de-chant-Octobre-2024-V3.pdf\" target=\"_blank\" rel=\"noreferrer noopener\">cliquez ici<\/a><\/strong><br>H\u00e9bergement \u00e0 l&#8217;abbaye (places limit\u00e9es) et chambres d&#8217;h\u00f4te&#8230;<br><br><strong>dates en cours<\/strong> : Cercle de chant et m\u00e9ditation, Yoga du son, Mantras gr\u00e9gorien et d&#8217;Hildegarde<br><strong>Jeudi 28 au 30 mars 2024<\/strong><a href=\"https:\/\/www.helloasso.com\/associations\/voix-d-aunis\" target=\"_blank\" rel=\"noreferrer noopener\"> Stage \u00e0 Pacques<\/a> chant gr\u00e9gorien, \u00e0 Saint-Sauveur d&#8217;Aunis<br><strong>Vendredi 19 au 21 avril 2024<\/strong><a href=\"https:\/\/voixdaunis.com\/index.php\/category\/stage-de-chant\/\" target=\"_blank\" rel=\"noreferrer noopener\"> <\/a><a href=\"https:\/\/www.helloasso.com\/associations\/voix-d-aunis\" target=\"_blank\" rel=\"noreferrer noopener\">Hildegarde de Bingen, de chant et m\u00e9ditation<\/a>, stages et cercles \u00e0 Saint-Sauveur d&#8217;Aunis \u00e0 l&#8217;\u00e9glise et au centre de la voix<br><strong>Vendredi 10 au 12 mai 2024<\/strong>, <a href=\"http:\/\/helloasso.com\/associations\/voix-d-aunis\/evenements\/le-chant-lyrique-en-collectif-technique-vocale-et-bel-canto\" data-type=\"link\" data-id=\"helloasso.com\/associations\/voix-d-aunis\/evenements\/le-chant-lyrique-en-collectif-technique-vocale-et-bel-canto\">Chant lyrique, technique vocale et bel canto<\/a>, en collectif et Master Class \u00e0 Saint-Sauveur d&#8217;Aunis<br><strong>Vendredi 21 au dimanche 23 juin 2024<\/strong> : <a href=\"https:\/\/www.helloasso.com\/associations\/voix-d-aunis\/evenements\/hildegarde-de-bingen-stage-de-chant-et-meditation-19-au-21-avril-2024-2\" target=\"_blank\" rel=\"noreferrer noopener\">Hildegarde de Bingen, chant et m\u00e9ditation<\/a>, stages et cercles \u00e0 Saint-Sauveur d&#8217;Aunis \u00e0 l&#8217;\u00e9glise et au centre de la voix<\/p>\n\n\n\n<p><\/p>\n\n\n<div class=\"wp-block-image\">\n<figure class=\"aligncenter\"><img loading=\"lazy\" decoding=\"async\" width=\"300\" height=\"400\" src=\"https:\/\/voixdaunis.com\/wp-content\/uploads\/2018\/05\/fabienne_fontdouce.jpg\" alt=\"\" class=\"wp-image-352\" srcset=\"https:\/\/voixdaunis.com\/wp-content\/uploads\/2018\/05\/fabienne_fontdouce.jpg 300w, https:\/\/voixdaunis.com\/wp-content\/uploads\/2018\/05\/fabienne_fontdouce-225x300.jpg 225w\" sizes=\"auto, (max-width: 300px) 100vw, 300px\" \/><\/figure>\n<\/div>\n\n\n<p><strong>Fabienne Cellier-Triguel<\/strong> Artiste Lyrique et M\u00e9di\u00e9vale.-Soprano-Professeur de chant lyrique (DE) Conscience vocale-Yoga du son<\/p>\n\n\n<div class=\"wp-block-image\">\n<figure class=\"aligncenter\"><img loading=\"lazy\" decoding=\"async\" width=\"302\" height=\"201\" src=\"https:\/\/voixdaunis.com\/wp-content\/uploads\/2018\/05\/Massanori_Kobiki.jpg\" alt=\"\" class=\"wp-image-354\" srcset=\"https:\/\/voixdaunis.com\/wp-content\/uploads\/2018\/05\/Massanori_Kobiki.jpg 302w, https:\/\/voixdaunis.com\/wp-content\/uploads\/2018\/05\/Massanori_Kobiki-300x200.jpg 300w\" sizes=\"auto, (max-width: 302px) 100vw, 302px\" \/><\/figure>\n<\/div>\n\n\n<p><strong>Massanori Kobiki<\/strong> pianiste, chef de chant<\/p>\n\n\n<div class=\"wp-block-image\">\n<figure class=\"aligncenter\"><img loading=\"lazy\" decoding=\"async\" width=\"243\" height=\"364\" src=\"https:\/\/voixdaunis.com\/wp-content\/uploads\/2018\/05\/christinewahl_dim.jpg\" alt=\"\" class=\"wp-image-351\" srcset=\"https:\/\/voixdaunis.com\/wp-content\/uploads\/2018\/05\/christinewahl_dim.jpg 243w, https:\/\/voixdaunis.com\/wp-content\/uploads\/2018\/05\/christinewahl_dim-200x300.jpg 200w\" sizes=\"auto, (max-width: 243px) 100vw, 243px\" \/><\/figure>\n<\/div>\n\n\n<p>Christine Wahl Professeur de danse, de Tai-chi-chuan, conscience corporelle, et th\u00e9rapeute manuelle <a href=\"https:\/\/www.christinewahl.co\/\">https:\/\/www.christinewahl.co\/<\/a><\/p>\n\n\n\n<p><\/p>\n\n\n<div class=\"wp-block-image\">\n<figure class=\"alignright\"><img loading=\"lazy\" decoding=\"async\" width=\"153\" height=\"142\" src=\"https:\/\/voixdaunis.com\/wp-content\/uploads\/2018\/05\/neumes_hildegarde.jpg\" alt=\"\" class=\"wp-image-347\"\/><\/figure>\n<\/div>\n\n\n<p><strong>Nous contacter<\/strong> Centre de la Voix Voix d&#8217;Aunis voixdaunis17@gmail.com www.voixdaunis.com 06 99 90 44 57<\/p>\n\n\n<div class=\"wp-block-image\">\n<figure class=\"aligncenter\"><img loading=\"lazy\" decoding=\"async\" width=\"1123\" height=\"727\" src=\"https:\/\/voixdaunis.com\/wp-content\/uploads\/2017\/09\/cerisier_raguenaud.jpg\" alt=\"Pour les stages en r\u00e9sidences\" class=\"wp-image-56\" srcset=\"https:\/\/voixdaunis.com\/wp-content\/uploads\/2017\/09\/cerisier_raguenaud.jpg 1123w, https:\/\/voixdaunis.com\/wp-content\/uploads\/2017\/09\/cerisier_raguenaud-300x194.jpg 300w, https:\/\/voixdaunis.com\/wp-content\/uploads\/2017\/09\/cerisier_raguenaud-768x497.jpg 768w, https:\/\/voixdaunis.com\/wp-content\/uploads\/2017\/09\/cerisier_raguenaud-1024x663.jpg 1024w, https:\/\/voixdaunis.com\/wp-content\/uploads\/2017\/09\/cerisier_raguenaud-463x300.jpg 463w\" sizes=\"auto, (max-width: 1123px) 100vw, 1123px\" \/><\/figure>\n<\/div>\n\n\n<p><strong>S\u00e9jours\/camping \u00e0 la ferme\/ gite insolite et tentes Inuit<\/strong> Pour les stages en r\u00e9sidence \u00e0 St Sauveur d&#8217;Aunis (20 minutes de La Rochelle) ou un temps de retour vers la nature ( \u00e0 la porte du Marais Poitevin)<\/p>\n\n\n\n<p>Contacter le 06 07 06 51 69<\/p>\n\n\n\n<p><\/p>\n","protected":false},"excerpt":{"rendered":"<p>CALENDRIER DES STAGES Stages et concerts : voir aussi l&#8217;agenda ou planning apr\u00e8s le descriptif(Stages A St Sauveur d&#8217;Aunis-La Rochelle (17) INSCRIPTION ET RENS cliquez ici)) (r\u00e9duction de 10 % pour l&#8217;inscription \u00e0 2 stages); Descriptif et inscription sur Helloasso &hellip; <a href=\"https:\/\/voixdaunis.com\/index.php\/2025\/02\/11\/stages-2025\/\">Continuer la lecture <span class=\"meta-nav\">&rarr;<\/span><\/a><\/p>\n","protected":false},"author":1,"featured_media":0,"comment_status":"closed","ping_status":"closed","sticky":false,"template":"","format":"standard","meta":{"footnotes":""},"categories":[1],"tags":[],"class_list":["post-1053","post","type-post","status-publish","format-standard","hentry","category-non-classe"],"_links":{"self":[{"href":"https:\/\/voixdaunis.com\/index.php\/wp-json\/wp\/v2\/posts\/1053","targetHints":{"allow":["GET"]}}],"collection":[{"href":"https:\/\/voixdaunis.com\/index.php\/wp-json\/wp\/v2\/posts"}],"about":[{"href":"https:\/\/voixdaunis.com\/index.php\/wp-json\/wp\/v2\/types\/post"}],"author":[{"embeddable":true,"href":"https:\/\/voixdaunis.com\/index.php\/wp-json\/wp\/v2\/users\/1"}],"replies":[{"embeddable":true,"href":"https:\/\/voixdaunis.com\/index.php\/wp-json\/wp\/v2\/comments?post=1053"}],"version-history":[{"count":37,"href":"https:\/\/voixdaunis.com\/index.php\/wp-json\/wp\/v2\/posts\/1053\/revisions"}],"predecessor-version":[{"id":1135,"href":"https:\/\/voixdaunis.com\/index.php\/wp-json\/wp\/v2\/posts\/1053\/revisions\/1135"}],"wp:attachment":[{"href":"https:\/\/voixdaunis.com\/index.php\/wp-json\/wp\/v2\/media?parent=1053"}],"wp:term":[{"taxonomy":"category","embeddable":true,"href":"https:\/\/voixdaunis.com\/index.php\/wp-json\/wp\/v2\/categories?post=1053"},{"taxonomy":"post_tag","embeddable":true,"href":"https:\/\/voixdaunis.com\/index.php\/wp-json\/wp\/v2\/tags?post=1053"}],"curies":[{"name":"wp","href":"https:\/\/api.w.org\/{rel}","templated":true}]}}