{"id":151,"date":"2017-11-09T13:45:55","date_gmt":"2017-11-09T12:45:55","guid":{"rendered":"http:\/\/voixdaunis.com\/?p=151"},"modified":"2017-11-09T13:52:12","modified_gmt":"2017-11-09T12:52:12","slug":"la-flute-enchantee-pour-les-tout-petits","status":"publish","type":"post","link":"https:\/\/voixdaunis.com\/index.php\/2017\/11\/09\/la-flute-enchantee-pour-les-tout-petits\/","title":{"rendered":"La Fl\u00fbte Enchant\u00e9e pour les tout-petits"},"content":{"rendered":"<p>Le 30 octobre 2017 a eu lieu la premi\u00e8re sortie de chantier du conte musical &#8220;La Fl\u00fbte Enchant\u00e9e&#8221;,\u00a0 pour les tout-petits (3-6 ans)\u00a0 avec beaucoup de bonheur..<\/p>\n<div id=\"attachment_152\" style=\"width: 367px\" class=\"wp-caption alignnone\"><img loading=\"lazy\" decoding=\"async\" aria-describedby=\"caption-attachment-152\" class=\"size-full wp-image-152\" src=\"http:\/\/voixdaunis.com\/wp-content\/uploads\/2017\/11\/30_octobre_flute_courcon_st_sauveur.jpg\" alt=\"Fl\u00fbte enchant\u00e9e, article Sud Ouest\" width=\"357\" height=\"757\" srcset=\"https:\/\/voixdaunis.com\/wp-content\/uploads\/2017\/11\/30_octobre_flute_courcon_st_sauveur.jpg 357w, https:\/\/voixdaunis.com\/wp-content\/uploads\/2017\/11\/30_octobre_flute_courcon_st_sauveur-141x300.jpg 141w\" sizes=\"auto, (max-width: 357px) 100vw, 357px\" \/><p id=\"caption-attachment-152\" class=\"wp-caption-text\">article du Sud Ouest<\/p><\/div>\n","protected":false},"excerpt":{"rendered":"<p>Le 30 octobre 2017 a eu lieu la premi\u00e8re sortie de chantier du conte musical &#8220;La Fl\u00fbte Enchant\u00e9e&#8221;,\u00a0 pour les tout-petits (3-6 ans)\u00a0 avec beaucoup de bonheur..<\/p>\n","protected":false},"author":1,"featured_media":0,"comment_status":"open","ping_status":"open","sticky":false,"template":"","format":"standard","meta":{"footnotes":""},"categories":[29,31,30,28],"tags":[32],"class_list":["post-151","post","type-post","status-publish","format-standard","hentry","category-conte-musical","category-opera","category-projet-opera","category-spectacle-pour-enfants","tag-opera-spectacle-pour-enfants-conte-musical-3-6-ans-projet-opera"],"_links":{"self":[{"href":"https:\/\/voixdaunis.com\/index.php\/wp-json\/wp\/v2\/posts\/151","targetHints":{"allow":["GET"]}}],"collection":[{"href":"https:\/\/voixdaunis.com\/index.php\/wp-json\/wp\/v2\/posts"}],"about":[{"href":"https:\/\/voixdaunis.com\/index.php\/wp-json\/wp\/v2\/types\/post"}],"author":[{"embeddable":true,"href":"https:\/\/voixdaunis.com\/index.php\/wp-json\/wp\/v2\/users\/1"}],"replies":[{"embeddable":true,"href":"https:\/\/voixdaunis.com\/index.php\/wp-json\/wp\/v2\/comments?post=151"}],"version-history":[{"count":2,"href":"https:\/\/voixdaunis.com\/index.php\/wp-json\/wp\/v2\/posts\/151\/revisions"}],"predecessor-version":[{"id":154,"href":"https:\/\/voixdaunis.com\/index.php\/wp-json\/wp\/v2\/posts\/151\/revisions\/154"}],"wp:attachment":[{"href":"https:\/\/voixdaunis.com\/index.php\/wp-json\/wp\/v2\/media?parent=151"}],"wp:term":[{"taxonomy":"category","embeddable":true,"href":"https:\/\/voixdaunis.com\/index.php\/wp-json\/wp\/v2\/categories?post=151"},{"taxonomy":"post_tag","embeddable":true,"href":"https:\/\/voixdaunis.com\/index.php\/wp-json\/wp\/v2\/tags?post=151"}],"curies":[{"name":"wp","href":"https:\/\/api.w.org\/{rel}","templated":true}]}}