{"id":189,"date":"2018-02-03T09:43:38","date_gmt":"2018-02-03T08:43:38","guid":{"rendered":"http:\/\/voixdaunis.com\/?p=189"},"modified":"2018-02-03T10:59:07","modified_gmt":"2018-02-03T09:59:07","slug":"14-18-chanter-pendant-la-grande-guerre","status":"publish","type":"post","link":"https:\/\/voixdaunis.com\/index.php\/2018\/02\/03\/14-18-chanter-pendant-la-grande-guerre\/","title":{"rendered":"14-18 Chanter pendant la grande guerre"},"content":{"rendered":"<p>En 2017-2018 nous travaillons sur un projet autour de 14-18 :<\/p>\n<p>R\u00e9cital chant et piano, textes et visuels : &#8220;<strong>Chanter pendant la grande guerre&#8221;<\/strong><\/p>\n<p>Spectacle avec 4 artistes et 1\u00a0 cr\u00e9ation vid\u00e9o :<strong> &#8220;Pace, vers une conscience de Paix&#8221;\u00a0<\/strong><\/p>\n<p>Une action culturelle aupr\u00e8s des enfants, scolaires, musiciens, choristes permettra leur participation aux repr\u00e9sentations avec l&#8217;\u00e9quipe professionnelle.<\/p>\n<p>Nous avons cr\u00e9\u00e9 un blog pour collecter les t\u00e9moignages sur 14-18 sur notre territoire, partager nos recherches musicales sur les musiciens et compositeurs.<\/p>\n<p style=\"text-align: center;\"><a href=\"https:\/\/1418enaunis.wordpress.com\/blog\/\" target=\"_blank\" rel=\"noopener\">Visitez notre blog !<\/a><\/p>\n<p>&nbsp;<\/p>\n","protected":false},"excerpt":{"rendered":"<p>En 2017-2018 nous travaillons sur un projet autour de 14-18 : R\u00e9cital chant et piano, textes et visuels : &#8220;Chanter pendant la grande guerre&#8221; Spectacle avec 4 artistes et 1\u00a0 cr\u00e9ation vid\u00e9o : &#8220;Pace, vers une conscience de Paix&#8221;\u00a0 Une &hellip; <a href=\"https:\/\/voixdaunis.com\/index.php\/2018\/02\/03\/14-18-chanter-pendant-la-grande-guerre\/\">Continuer la lecture <span class=\"meta-nav\">&rarr;<\/span><\/a><\/p>\n","protected":false},"author":1,"featured_media":0,"comment_status":"open","ping_status":"open","sticky":false,"template":"","format":"standard","meta":{"footnotes":""},"categories":[1],"tags":[],"class_list":["post-189","post","type-post","status-publish","format-standard","hentry","category-non-classe"],"_links":{"self":[{"href":"https:\/\/voixdaunis.com\/index.php\/wp-json\/wp\/v2\/posts\/189","targetHints":{"allow":["GET"]}}],"collection":[{"href":"https:\/\/voixdaunis.com\/index.php\/wp-json\/wp\/v2\/posts"}],"about":[{"href":"https:\/\/voixdaunis.com\/index.php\/wp-json\/wp\/v2\/types\/post"}],"author":[{"embeddable":true,"href":"https:\/\/voixdaunis.com\/index.php\/wp-json\/wp\/v2\/users\/1"}],"replies":[{"embeddable":true,"href":"https:\/\/voixdaunis.com\/index.php\/wp-json\/wp\/v2\/comments?post=189"}],"version-history":[{"count":1,"href":"https:\/\/voixdaunis.com\/index.php\/wp-json\/wp\/v2\/posts\/189\/revisions"}],"predecessor-version":[{"id":190,"href":"https:\/\/voixdaunis.com\/index.php\/wp-json\/wp\/v2\/posts\/189\/revisions\/190"}],"wp:attachment":[{"href":"https:\/\/voixdaunis.com\/index.php\/wp-json\/wp\/v2\/media?parent=189"}],"wp:term":[{"taxonomy":"category","embeddable":true,"href":"https:\/\/voixdaunis.com\/index.php\/wp-json\/wp\/v2\/categories?post=189"},{"taxonomy":"post_tag","embeddable":true,"href":"https:\/\/voixdaunis.com\/index.php\/wp-json\/wp\/v2\/tags?post=189"}],"curies":[{"name":"wp","href":"https:\/\/api.w.org\/{rel}","templated":true}]}}