{"id":376,"date":"2018-10-08T23:43:38","date_gmt":"2018-10-08T21:43:38","guid":{"rendered":"https:\/\/voixdaunis.com\/?p=376"},"modified":"2018-10-08T23:44:35","modified_gmt":"2018-10-08T21:44:35","slug":"hildegarde-de-bingen-concert-conte-et-chante-a-la-jarrie","status":"publish","type":"post","link":"https:\/\/voixdaunis.com\/index.php\/2018\/10\/08\/hildegarde-de-bingen-concert-conte-et-chante-a-la-jarrie\/","title":{"rendered":"Hildegarde de Bingen, concert cont\u00e9 et chant\u00e9 \u00e0 La Jarrie"},"content":{"rendered":"<div id=\"attachment_372\" style=\"width: 710px\" class=\"wp-caption alignnone\"><img loading=\"lazy\" decoding=\"async\" aria-describedby=\"caption-attachment-372\" class=\"size-full wp-image-372\" src=\"https:\/\/voixdaunis.com\/wp-content\/uploads\/2018\/10\/hildegarde_lajarrie_2018.png\" alt=\"Hildegarde de Bingen \u00e0 la Jarrie par Fabienne Cellier-Triguel\" width=\"700\" height=\"986\" srcset=\"https:\/\/voixdaunis.com\/wp-content\/uploads\/2018\/10\/hildegarde_lajarrie_2018.png 700w, https:\/\/voixdaunis.com\/wp-content\/uploads\/2018\/10\/hildegarde_lajarrie_2018-213x300.png 213w\" sizes=\"auto, (max-width: 700px) 100vw, 700px\" \/><p id=\"caption-attachment-372\" class=\"wp-caption-text\">Hildegarde de Bingen \u00e0 la Jarrie par Fabienne Cellier-Triguel<\/p><\/div>\n","protected":false},"excerpt":{"rendered":"","protected":false},"author":1,"featured_media":0,"comment_status":"open","ping_status":"open","sticky":false,"template":"","format":"standard","meta":{"footnotes":""},"categories":[27,13,36,18,16,17,34,29,20,1],"tags":[],"class_list":["post-376","post","type-post","status-publish","format-standard","hentry","category-centre-de-la-voix","category-chant-gregorien","category-chant-lyrique","category-chant-medieval","category-chant-sacre","category-compositrice","category-concert","category-conte-musical","category-femme","category-non-classe"],"_links":{"self":[{"href":"https:\/\/voixdaunis.com\/index.php\/wp-json\/wp\/v2\/posts\/376","targetHints":{"allow":["GET"]}}],"collection":[{"href":"https:\/\/voixdaunis.com\/index.php\/wp-json\/wp\/v2\/posts"}],"about":[{"href":"https:\/\/voixdaunis.com\/index.php\/wp-json\/wp\/v2\/types\/post"}],"author":[{"embeddable":true,"href":"https:\/\/voixdaunis.com\/index.php\/wp-json\/wp\/v2\/users\/1"}],"replies":[{"embeddable":true,"href":"https:\/\/voixdaunis.com\/index.php\/wp-json\/wp\/v2\/comments?post=376"}],"version-history":[{"count":1,"href":"https:\/\/voixdaunis.com\/index.php\/wp-json\/wp\/v2\/posts\/376\/revisions"}],"predecessor-version":[{"id":377,"href":"https:\/\/voixdaunis.com\/index.php\/wp-json\/wp\/v2\/posts\/376\/revisions\/377"}],"wp:attachment":[{"href":"https:\/\/voixdaunis.com\/index.php\/wp-json\/wp\/v2\/media?parent=376"}],"wp:term":[{"taxonomy":"category","embeddable":true,"href":"https:\/\/voixdaunis.com\/index.php\/wp-json\/wp\/v2\/categories?post=376"},{"taxonomy":"post_tag","embeddable":true,"href":"https:\/\/voixdaunis.com\/index.php\/wp-json\/wp\/v2\/tags?post=376"}],"curies":[{"name":"wp","href":"https:\/\/api.w.org\/{rel}","templated":true}]}}