{"id":403,"date":"2021-03-28T20:37:17","date_gmt":"2021-03-28T18:37:17","guid":{"rendered":"https:\/\/voixdaunis.com\/?p=403"},"modified":"2021-06-21T21:49:20","modified_gmt":"2021-06-21T19:49:20","slug":"stages-de-chant-2019","status":"publish","type":"post","link":"https:\/\/voixdaunis.com\/index.php\/2021\/03\/28\/stages-de-chant-2019\/","title":{"rendered":"Stages de chant 2021"},"content":{"rendered":"<p><img loading=\"lazy\" decoding=\"async\" class=\"alignnone size-full wp-image-248\" src=\"https:\/\/voixdaunis.com\/wp-content\/uploads\/2018\/02\/Fontdouce_dim.jpg\" alt=\"\" width=\"1333\" height=\"752\" srcset=\"https:\/\/voixdaunis.com\/wp-content\/uploads\/2018\/02\/Fontdouce_dim.jpg 1333w, https:\/\/voixdaunis.com\/wp-content\/uploads\/2018\/02\/Fontdouce_dim-300x169.jpg 300w, https:\/\/voixdaunis.com\/wp-content\/uploads\/2018\/02\/Fontdouce_dim-768x433.jpg 768w, https:\/\/voixdaunis.com\/wp-content\/uploads\/2018\/02\/Fontdouce_dim-1024x578.jpg 1024w, https:\/\/voixdaunis.com\/wp-content\/uploads\/2018\/02\/Fontdouce_dim-500x282.jpg 500w\" sizes=\"auto, (max-width: 1333px) 100vw, 1333px\" \/><\/p>\n<p><span style=\"color: #99cc00;\"><strong>Printemps \/ Et\u00e9 \/ Automne 2021<\/strong><\/span><\/p>\n<p>Le th\u00e8me 2021 des stages de chants m\u00e9di\u00e9vaux, chants lyriques et chants sacr\u00e9s porte sur l<strong>e Th\u00e8me du d\u00e9sert<\/strong> (Abbaye de Fontdouce)\u00a0 :\u00a0 conscience et technique vocale, apprentissage des chants par\u00a0 transmission orale, partition,\u00a0 neumes, interpr\u00e9tation\u00a0 yoga du son, m\u00e9ditation.\u00a0 \u00a0 \u00a0 \u00a0 \u00a0 \u00a0 <strong>3 stages \u00e0 l&#8217;abbaye de Fontdouce en r\u00e9sidence, <\/strong>de juillet \u00e0 octobre 2021, marche et chant gr\u00e9gorien, master classe de chant lyrique, chant m\u00e9di\u00e9val et conscience corporelle.\u00a0 \u00a0 \u00a0 \u00a0 \u00a0 \u00a0 \u00a0<strong>Cycle Hildegarde de Bingen,<\/strong> source de vie, miroir de l&#8217;\u00e2me :\u00a0 \u00a0stages consacr\u00e9s \u00e0 l\u2019Abbesse du XIIe (dates \u00e0 d\u00e9terminer dont un stage autour du 17 septembre 2021)<\/p>\n<p><strong><span style=\"color: #99cc00;\">3 Stages \u00e0 l&#8217;Abbaye\u00a0de Fontdouce<\/span><\/strong><br \/>\n<strong>\u00a0Plaquette :\u00a0 <a href=\"https:\/\/voixdaunis.com\/wp-content\/uploads\/2021\/06\/Flyer-Stages-de-Chant-Juillet-Aou\u0302t-Novembre-2021.pdf\" target=\"_blank\" rel=\"noopener\">cliquez ici<\/a> ;\u00a0 Visite virtuel de l&#8217;Abbaye: <a href=\"https:\/\/www.abbaye-fontdouce.com\/\" target=\"_blank\" rel=\"noopener noreferrer\">cliquez ici\u00a0<\/a>et\u00a0\u00a0<a title=\"visite de l'abbaye\" href=\"https:\/\/www.location-de-salle-fontdouce.com\/\" target=\"_blank\" rel=\"noopener noreferrer\">autre\u00a0visite \u00a0<\/a><\/strong>Contact pour l&#8217;inscription et l&#8217;h\u00e9bergement \u00e0 l&#8217;abbaye : Abbaye de Fontdouce 17 770 Saint-Bris des Bois 05 46 74 77 08 \/ contact@fontdouce.com \/\u00a0<a href=\"http:\/\/www.fontdouce.com\/\" target=\"_blank\" rel=\"noopener nofollow\" data-ft=\"{&quot;tn&quot;:&quot;-U&quot;}\" data-lynx-mode=\"asynclazy\" data-lynx-uri=\"https:\/\/l.facebook.com\/l.php?u=http%3A%2F%2Fwww.fontdouce.com%2F&amp;h=ATOAIYxuVZkx_kt_VuHrWUvbStkc0KcjqWhF8uTSN0uGoBu4YMc1eV5GpQT-8KmyKwousI1XQxwhpOprvIYLYnEfeMrA3-ZuBfJeR5viIXmS6metqdBemMn45rcv_3rZi5YRGWGjGjfEtI_Ine1zyyI\">www.fontdouce.com<\/a><\/p>\n<p><span style=\"color: #99cc00;\"><strong>Marche et chant gr\u00e9gorien\u00a0<\/strong><\/span><br \/>\ndu mardi 20 au jeudi 22 juillet 2021 <a href=\"https:\/\/voixdaunis.com\/wp-content\/uploads\/2021\/06\/Flyer-Stages-de-Chant-Juillet-Aou\u0302t-Novembre-2021.pdf\" target=\"_blank\" rel=\"noopener\">Flyer<\/a><br \/>\nIntervenants : Fabienne Cellier-Triguel, artiste lyrique, Marie-Armelle Meunier, guide, chanteuse.\u00a0 \u00a0Tarif :\u00a0 205 \u20ac + 8\u20ac d&#8217;adh\u00e9sion<br \/>\nTh\u00e8me :-&#8220;D\u00e9sert&#8221; (dans le r\u00e9pertoire gr\u00e9gorien et le travail de conscience corporelle et vocale)<br \/>\nChants gr\u00e9goriens, Hildegarde de Bingen (miroir de l&#8217;\u00e2me)\/\u00a0 canons, chant spontan\u00e9,\u00a0 improvisation et m\u00e9ditation pendant les randonn\u00e9es autour des sources et de la for\u00eat.<br \/>\nConcert de fin de stage : Jeudi 22 juillet 2021 \u00e0 17h <span style=\"color: #99cc00;\"><strong>\u00e0 l&#8217;Abbaye\u00a0de Fontdouce<\/strong><\/span><\/p>\n<p style=\"text-align: left;\"><span style=\"color: #99cc00;\"><strong>Master classe\u00a0 de Chant lyrique<\/strong><\/span><br \/>\ndu mardi 24 au jeudi 26 Ao\u00fbt 2021 <a href=\"https:\/\/voixdaunis.com\/wp-content\/uploads\/2021\/06\/Flyer-Stages-de-Chant-Juillet-Aou\u0302t-Novembre-2021.pdf\" target=\"_blank\" rel=\"noopener\">Flyer<\/a><br \/>\nNiveau avanc\u00e9 ou autonomie pour l&#8217;apprentissage musical<br \/>\nIntervenants : Fabienne Cellier-Triguel, artiste Lyrique, Massanori Kobiki, pianiste, chef de chant Tarif : 220 \u20ac + 8\u20ac d&#8217;adh\u00e9sion<br \/>\nConcert de fin de stage : jeudi 26 Ao\u00fbt\u00a0 2021 \u00e0 17h <span style=\"color: #99cc00;\"><strong>\u00e0 l&#8217;Abbaye\u00a0de Fontdouce<\/strong><\/span><\/p>\n<p><span style=\"color: #99cc00;\"><strong>Chant m\u00e9di\u00e9val et conscience corporelle<\/strong><\/span><br \/>\ndu mardi 2 au vendredi 5 novembre 2021 <a href=\"https:\/\/voixdaunis.com\/wp-content\/uploads\/2021\/06\/Flyer-Stages-de-Chant-Juillet-Aou\u0302t-Novembre-2021.pdf\" target=\"_blank\" rel=\"noopener\">Flyer<\/a><br \/>\nIntervenants : Fabienne Cellier-Triguel, artiste Lyrique, Christine Walh, danse, conscience du corps Tarif :\u00a0 275 \u20ac + 8\u20ac d&#8217;adh\u00e9sion<br \/>\nTh\u00e8me : D\u00e9sert (dans le r\u00e9pertoire m\u00e9di\u00e9val et le travail de conscience corporelle et vocale)<br \/>\nChants des Troubadours, Manuscrits m\u00e9di\u00e9vaux, Cantigas de Santa Maria , Hildegard de Bingen XIIe ,Llibre Vermell, Chant Gr\u00e9gorien.\u00a0 La conscience corporelle, la conscience et technique vocale, le re\u0301pertoire me\u0301die\u0301val s\u2019appuieront sur ce retour a\u0300 soi, sur le silence, le micro-mouvement, le regard inte\u0301rieur, la confiance, le la\u0302che\u0301 des tensions, la paisibilite\u0301 du corps instrument pour que l\u2019intention e\u0301merge, que la cre\u0301ativite\u0301 et le souffle se libe\u0300rent, et la voix se re\u0301ve\u0300le.<br \/>\nConcert de fin de stage : Vendredi 5 novembre \u00e0 16h <span style=\"color: #99cc00;\"><strong>\u00e0 l&#8217;Abbaye\u00a0de Fontdouce<\/strong><\/span><\/p>\n<p><strong><span style=\"color: #99cc00;\">Hildegarde de Bingen, source de vie, miroir de l&#8217;\u00e2me (dates \u00e0 d\u00e9finir)<\/span><\/strong><\/p>\n<p><span style=\"color: #99cc00;\"><strong>Stage de yoga du son \u00e0 St Sauveur d&#8217;Aunis (dates \u00e0 d\u00e9finir)<\/strong><\/span><br \/>\nconscience vocale, yoga du son, m\u00e9ditation. Mantras d&#8217;orient et d&#8217;occident (chant v\u00e9dique- gr\u00e9gorien-Hildegarde de Bingen-Cantigas), Hatha yoga sonore.<\/p>\n<p style=\"text-align: center;\"><img loading=\"lazy\" decoding=\"async\" class=\"size-full wp-image-352 aligncenter\" src=\"https:\/\/voixdaunis.com\/wp-content\/uploads\/2018\/05\/fabienne_fontdouce.jpg\" alt=\"\" width=\"300\" height=\"400\" srcset=\"https:\/\/voixdaunis.com\/wp-content\/uploads\/2018\/05\/fabienne_fontdouce.jpg 300w, https:\/\/voixdaunis.com\/wp-content\/uploads\/2018\/05\/fabienne_fontdouce-225x300.jpg 225w\" sizes=\"auto, (max-width: 300px) 100vw, 300px\" \/><strong><span style=\"color: #83bd31;\">Fabienne Cellier-Triguel<\/span><\/strong><br \/>\nArtiste Lyrique et M\u00e9di\u00e9vale.-Soprano-Professeur de chant lyrique (DE)<br \/>\nConscience vocale-Yoga du son<\/p>\n<p style=\"text-align: center;\"><img loading=\"lazy\" decoding=\"async\" class=\"size-full wp-image-354 aligncenter\" src=\"https:\/\/voixdaunis.com\/wp-content\/uploads\/2018\/05\/Massanori_Kobiki.jpg\" alt=\"\" width=\"302\" height=\"201\" srcset=\"https:\/\/voixdaunis.com\/wp-content\/uploads\/2018\/05\/Massanori_Kobiki.jpg 302w, https:\/\/voixdaunis.com\/wp-content\/uploads\/2018\/05\/Massanori_Kobiki-300x200.jpg 300w\" sizes=\"auto, (max-width: 302px) 100vw, 302px\" \/><strong><span style=\"color: #99cc00;\">Massanori Kobiki<\/span><\/strong><br \/>\npianiste, chef de chant<\/p>\n<p><img loading=\"lazy\" decoding=\"async\" class=\"alignnone size-full wp-image-351 aligncenter\" src=\"https:\/\/voixdaunis.com\/wp-content\/uploads\/2018\/05\/christinewahl_dim.jpg\" alt=\"\" width=\"243\" height=\"364\" srcset=\"https:\/\/voixdaunis.com\/wp-content\/uploads\/2018\/05\/christinewahl_dim.jpg 243w, https:\/\/voixdaunis.com\/wp-content\/uploads\/2018\/05\/christinewahl_dim-200x300.jpg 200w\" sizes=\"auto, (max-width: 243px) 100vw, 243px\" \/><\/p>\n<p style=\"text-align: center;\"><span style=\"color: #83bd31;\"><span style=\"font-weight: 600;\">Christine Wahl<\/span><\/span><br \/>\n<span style=\"color: #000000;\">Professeur de danse, de Tai-chi-chuan, conscience corporelle, et th\u00e9rapeute manuelle<\/span><br \/>\n<span style=\"color: #99cc00;\"><a style=\"color: #99cc00;\" href=\"https:\/\/www.christinewahl.co\/\">https:\/\/www.christinewahl.co\/<\/a><\/span><\/p>\n<p style=\"padding-left: 40px; text-align: center;\"><img loading=\"lazy\" decoding=\"async\" class=\"alignnone size-full wp-image-349 alignright\" src=\"https:\/\/voixdaunis.com\/wp-content\/uploads\/2018\/05\/christina_larell_2.jpg\" alt=\"\" width=\"2048\" height=\"1126\" srcset=\"https:\/\/voixdaunis.com\/wp-content\/uploads\/2018\/05\/christina_larell_2.jpg 2048w, https:\/\/voixdaunis.com\/wp-content\/uploads\/2018\/05\/christina_larell_2-300x165.jpg 300w, https:\/\/voixdaunis.com\/wp-content\/uploads\/2018\/05\/christina_larell_2-768x422.jpg 768w, https:\/\/voixdaunis.com\/wp-content\/uploads\/2018\/05\/christina_larell_2-1024x563.jpg 1024w, https:\/\/voixdaunis.com\/wp-content\/uploads\/2018\/05\/christina_larell_2-500x275.jpg 500w, https:\/\/voixdaunis.com\/wp-content\/uploads\/2018\/05\/christina_larell_2-1320x726.jpg 1320w\" sizes=\"auto, (max-width: 2048px) 100vw, 2048px\" \/><br \/>\n<span style=\"color: #99cc00;\"><strong>Christina Larell<\/strong><\/span><br \/>\nProfesseur de Hatha yoga et Yoga du son<\/p>\n<p><img loading=\"lazy\" decoding=\"async\" class=\"alignnone size-full wp-image-509\" src=\"https:\/\/voixdaunis.com\/wp-content\/uploads\/2019\/02\/marie-armelle-meunier-recadree.jpg\" alt=\"marie-armelle meunier\" width=\"552\" height=\"610\" srcset=\"https:\/\/voixdaunis.com\/wp-content\/uploads\/2019\/02\/marie-armelle-meunier-recadree.jpg 552w, https:\/\/voixdaunis.com\/wp-content\/uploads\/2019\/02\/marie-armelle-meunier-recadree-271x300.jpg 271w\" sizes=\"auto, (max-width: 552px) 100vw, 552px\" \/><\/p>\n<p style=\"text-align: center;\"><span style=\"color: #99cc00;\"><strong>Marie-Armelle Meunier<\/strong><\/span><br \/>\nGuide randonn\u00e9e, musicoth\u00e9rapeute, chant spontan\u00e9<br \/>\n<span style=\"color: #99cc00;\"><a style=\"color: #99cc00;\" href=\"https:\/\/le-chant-spontane.com\/\" target=\"_blank\" rel=\"noopener\">https:\/\/le-chant-spontane.com\/<\/a><\/span><\/p>\n<p style=\"text-align: center;\"><strong><span style=\"color: #99cc00;\"><img loading=\"lazy\" decoding=\"async\" class=\"size-full wp-image-347 alignright\" src=\"https:\/\/voixdaunis.com\/wp-content\/uploads\/2018\/05\/neumes_hildegarde.jpg\" alt=\"\" width=\"153\" height=\"142\" \/>Nous contacter<\/span><\/strong><br \/>\nCentre de la Voix<br \/>\nVoix d&#8217;Aunis<br \/>\nvoixdaunis17@gmail.com<br \/>\nwww.voixdaunis.com<br \/>\n06 99 90 44 57<\/p>\n<p><img loading=\"lazy\" decoding=\"async\" class=\"size-full wp-image-56 aligncenter\" src=\"https:\/\/voixdaunis.com\/wp-content\/uploads\/2017\/09\/cerisier_raguenaud.jpg\" alt=\"Pour les stages en r\u00e9sidences\" width=\"1123\" height=\"727\" srcset=\"https:\/\/voixdaunis.com\/wp-content\/uploads\/2017\/09\/cerisier_raguenaud.jpg 1123w, https:\/\/voixdaunis.com\/wp-content\/uploads\/2017\/09\/cerisier_raguenaud-300x194.jpg 300w, https:\/\/voixdaunis.com\/wp-content\/uploads\/2017\/09\/cerisier_raguenaud-768x497.jpg 768w, https:\/\/voixdaunis.com\/wp-content\/uploads\/2017\/09\/cerisier_raguenaud-1024x663.jpg 1024w, https:\/\/voixdaunis.com\/wp-content\/uploads\/2017\/09\/cerisier_raguenaud-463x300.jpg 463w\" sizes=\"auto, (max-width: 1123px) 100vw, 1123px\" \/><\/p>\n<p style=\"text-align: center;\"><strong><span style=\"color: #99cc00;\">S\u00e9jours\/camping \u00e0 la ferme\/ gite insolite et tentes Inuit<\/span><\/strong><br \/>\nPour les stages en r\u00e9sidence \u00e0 St Sauveur d&#8217;Aunis (20 minutes de La Rochelle) ou un temps de retour vers la nature ( \u00e0 la porte du Marais Poitevin)<\/p>\n<p>Contacter le 06 07 06 51 69<\/p>\n","protected":false},"excerpt":{"rendered":"<p>Printemps \/ Et\u00e9 \/ Automne 2021 Le th\u00e8me 2021 des stages de chants m\u00e9di\u00e9vaux, chants lyriques et chants sacr\u00e9s porte sur le Th\u00e8me du d\u00e9sert (Abbaye de Fontdouce)\u00a0 :\u00a0 conscience et technique vocale, apprentissage des chants par\u00a0 transmission orale, partition,\u00a0 &hellip; <a href=\"https:\/\/voixdaunis.com\/index.php\/2021\/03\/28\/stages-de-chant-2019\/\">Continuer la lecture <span class=\"meta-nav\">&rarr;<\/span><\/a><\/p>\n","protected":false},"author":1,"featured_media":0,"comment_status":"open","ping_status":"open","sticky":false,"template":"","format":"standard","meta":{"footnotes":""},"categories":[27,13,36,18,16,34,25,26,29,15,1,44,12,14,19],"tags":[],"class_list":["post-403","post","type-post","status-publish","format-standard","hentry","category-centre-de-la-voix","category-chant-gregorien","category-chant-lyrique","category-chant-medieval","category-chant-sacre","category-concert","category-conscience-corporelle","category-conscience-vocale","category-conte-musical","category-hildegarde-de-bingen","category-non-classe","category-paix","category-stage-de-chant","category-sur-les-chemins-de-st-jacques-de-compostelle","category-xiie"],"_links":{"self":[{"href":"https:\/\/voixdaunis.com\/index.php\/wp-json\/wp\/v2\/posts\/403","targetHints":{"allow":["GET"]}}],"collection":[{"href":"https:\/\/voixdaunis.com\/index.php\/wp-json\/wp\/v2\/posts"}],"about":[{"href":"https:\/\/voixdaunis.com\/index.php\/wp-json\/wp\/v2\/types\/post"}],"author":[{"embeddable":true,"href":"https:\/\/voixdaunis.com\/index.php\/wp-json\/wp\/v2\/users\/1"}],"replies":[{"embeddable":true,"href":"https:\/\/voixdaunis.com\/index.php\/wp-json\/wp\/v2\/comments?post=403"}],"version-history":[{"count":36,"href":"https:\/\/voixdaunis.com\/index.php\/wp-json\/wp\/v2\/posts\/403\/revisions"}],"predecessor-version":[{"id":538,"href":"https:\/\/voixdaunis.com\/index.php\/wp-json\/wp\/v2\/posts\/403\/revisions\/538"}],"wp:attachment":[{"href":"https:\/\/voixdaunis.com\/index.php\/wp-json\/wp\/v2\/media?parent=403"}],"wp:term":[{"taxonomy":"category","embeddable":true,"href":"https:\/\/voixdaunis.com\/index.php\/wp-json\/wp\/v2\/categories?post=403"},{"taxonomy":"post_tag","embeddable":true,"href":"https:\/\/voixdaunis.com\/index.php\/wp-json\/wp\/v2\/tags?post=403"}],"curies":[{"name":"wp","href":"https:\/\/api.w.org\/{rel}","templated":true}]}}