{"id":564,"date":"2022-06-02T16:56:48","date_gmt":"2022-06-02T14:56:48","guid":{"rendered":"https:\/\/voixdaunis.com\/?p=564"},"modified":"2022-12-15T19:17:41","modified_gmt":"2022-12-15T18:17:41","slug":"stages-de-chant-2022","status":"publish","type":"post","link":"https:\/\/voixdaunis.com\/index.php\/2022\/06\/02\/stages-de-chant-2022\/","title":{"rendered":"Stages de chant 2022"},"content":{"rendered":"\n<figure class=\"wp-block-image size-large\"><img loading=\"lazy\" decoding=\"async\" width=\"574\" height=\"647\" src=\"https:\/\/voixdaunis.com\/wp-content\/uploads\/2022\/06\/stage-fontdouce-2009.jpeg\" alt=\"\" class=\"wp-image-573\" srcset=\"https:\/\/voixdaunis.com\/wp-content\/uploads\/2022\/06\/stage-fontdouce-2009.jpeg 574w, https:\/\/voixdaunis.com\/wp-content\/uploads\/2022\/06\/stage-fontdouce-2009-266x300.jpeg 266w\" sizes=\"auto, (max-width: 574px) 100vw, 574px\" \/><\/figure>\n\n\n\n<p><strong>Printemps \/ Et\u00e9 \/ Automne 2022<\/strong><\/p>\n\n\n\n<p><\/p>\n\n\n\n<p><strong>STAGE DE CHANT ET MEDITATION <\/strong>: <strong>m\u00e9diter par le chant et le silence.<\/strong> 10h-17h30 le samedi17 d\u00e9cembre 2022 ; Gite des ormeaux (Chambon-17)<strong>. <\/strong>Techniques de m\u00e9ditation et de vibration du Yoga du son ; souffle (Pranayama), conscience vocale et corporelle, chants sacr\u00e9s m\u00e9di\u00e9vaux, bija mantras, bain sonore, chants et mantras d\u2019occident (Hildegarde de Bingen, chant gr\u00e9gorien), 60 \u20ac le stage + 8 \u20ac d\u2019adh. Concert m\u00e9ditatif \u00e0 14h, th\u00e8me de la Paix.  <a rel=\"noreferrer noopener\" href=\"https:\/\/voixdaunis.com\/wp-content\/uploads\/2022\/12\/stage-chant-meditation-yogaduson-17122022.jpg\" data-type=\"URL\" data-id=\"https:\/\/voixdaunis.com\/wp-content\/uploads\/2022\/12\/stage-chant-meditation-yogaduson-17122022.jpg\" target=\"_blank\">flyer<\/a> <a href=\"https:\/\/voixdaunis.com\/wp-content\/uploads\/2022\/12\/bulletin-dinscription_stage.jpg\" data-type=\"URL\" data-id=\"https:\/\/voixdaunis.com\/wp-content\/uploads\/2022\/12\/bulletin-dinscription_stage.jpg\" target=\"_blank\" rel=\"noreferrer noopener\">bulletin d&#8217;inscription<\/a><\/p>\n\n\n\n<p> <strong>Cycle Hildegarde de Bingen,<\/strong> source de vie, miroir de l&#8217;\u00e2me :&nbsp; &nbsp;stages consacr\u00e9s \u00e0 l\u2019Abbesse du XIIe (dates \u00e0 d\u00e9terminer )<\/p>\n\n\n\n<p><strong>STAGE LUNE ET FEMININ<\/strong> : <strong>Samedi 8 octobre 2022 <\/strong>: 10h-18h Chant et danse biodynamique. Cercles de chant, m\u00e9ditation, danse, rituels , \u00e0 l&#8217;occasion de la nouvelle lune&#8230;Chant sacr\u00e9, chant traditionnel et chant s\u00e9farade .Tarif: 85\u20ac Repas partag\u00e9 le midii Lieu: St Sauveur d&#8217;Aunis (adresse pr\u00e9cise lors de l&#8217;inscription) Stage limit\u00e9 \u00e0 12 personnes.Ouvert \u00e0 tous et toutes, tous niveaux en chant et en danse. Intervenantes : Fabienne Cellier-Triguel, artiste lyrique, sacr\u00e9e et m\u00e9di\u00e9vale (Voix d&#8217;Aunis) ; <a href=\"https:\/\/www.facebook.com\/anima.danse.prie.aime\/?__cft__[0]=AZWujbwXAh6UpoWyvlhKPKWA9j7FaADz3Uzf3XsiUHvTDZrFs5iblljfU0rKcJiiremSkviP9YVTMK5wG50TBzAYu2a26C2TdgbEMU9ngYAwveoa-wIkW_Znig6WJIaHs0FbtBO9G7ZcgtjS-aFxzB86zWOKN_lEoQR6Csdi8gO8MWEcBFrIi8IV3XLbmsRCKFuqEK4RX2GaNGq89OShek1rYllPHnJOzzfCMGlV0Gh5QzXfLuP7NfcuI38a_NeXCe0&amp;__tn__=-UC%2CP-y-R\"><strong>\u00c2nima -Danse Biodynamique- Gabrielle Escolano<\/strong><\/a> ; <a rel=\"noreferrer noopener\" href=\"https:\/\/voixdaunis.com\/wp-content\/uploads\/2022\/07\/lune-et-feminin-flyer-juillet2022.jpg\" target=\"_blank\"><strong>FLYER<\/strong><\/a> (de juillet)<\/p>\n\n\n\n<p><strong><a rel=\"noreferrer noopener\" href=\"https:\/\/www.abbaye-fontdouce.com\/fr\/les-rendez-vous\/stages-artistiques\" data-type=\"URL\" data-id=\"https:\/\/www.abbaye-fontdouce.com\/fr\/les-rendez-vous\/stages-artistiques\" target=\"_blank\">3 STAGES A L&#8217;ABBAYE DE FONTDOUCE<\/a><\/strong><\/p>\n\n\n\n<p>Le th\u00e8me 2022 des stages de <strong>chants m\u00e9di\u00e9vaux, chants lyriques et chants sacr\u00e9s<\/strong> porte sur l<strong>e Th\u00e8me du renouveau<\/strong>, du printemps, de P\u00e2ques et de l&#8217;\u00e9merveillement :&nbsp; conscience et technique vocale, apprentissage des chants par&nbsp; transmission orale, partition,&nbsp; neumes, interpr\u00e9tation, &nbsp; yoga du son, m\u00e9ditation.&nbsp;<br><strong>&nbsp;Plaquette :&nbsp; <a href=\"https:\/\/voixdaunis.com\/wp-content\/uploads\/2022\/06\/Flyer-Stages-de-Chant-2022c.pdf\" data-type=\"URL\" data-id=\"https:\/\/voixdaunis.com\/wp-content\/uploads\/2022\/06\/Flyer-Stages-de-Chant-2022c.pdf\" target=\"_blank\" rel=\"noreferrer noopener\">cliquez ici <\/a>;&nbsp; Visite virtuel de l&#8217;Abbaye: <a rel=\"noreferrer noopener\" href=\"https:\/\/www.abbaye-fontdouce.com\/\" target=\"_blank\">cliquez ici&nbsp;<\/a>et&nbsp;&nbsp;<a rel=\"noreferrer noopener\" href=\"https:\/\/www.location-de-salle-fontdouce.com\/\" target=\"_blank\">autre&nbsp;visite &nbsp;<\/a><\/strong>Contact pour l&#8217;inscription et l&#8217;h\u00e9bergement \u00e0 l&#8217;abbaye : Abbaye de Fontdouce 17 770 Saint-Bris des Bois 05 46 74 77 08 \/ contact@fontdouce.com \/&nbsp;<a rel=\"noreferrer noopener\" href=\"http:\/\/www.fontdouce.com\/\" target=\"_blank\">www.fontdouce.com<\/a><\/p>\n\n\n\n<p><strong>Chant m\u00e9di\u00e9val et conscience corporelle<\/strong><br>Mardi 24 au vendredi 27 octobre 2022 <a rel=\"noreferrer noopener\" href=\"https:\/\/voixdaunis.com\/wp-content\/uploads\/2022\/06\/Flyer-Stages-de-Chant-2022c.pdf\" target=\"_blank\">Flyer<\/a><br>Intervenants : Fabienne Cellier-Triguel, artiste Lyrique, Christine Walh, danse, conscience du corps Tarif :&nbsp; 275 \u20ac + 8\u20ac d&#8217;adh\u00e9sion<\/p>\n\n\n\n<p><strong>R\u00e9pertoire : <\/strong>Hildegard de Bingen, la po\u00e9tique de la <em>fin amor <\/em>des troubadours, troba\u00efritz et trouv\u00e8res, dans le renouveau en gaiet\u00e9 du retour du Pellerin. Monodies, polyphonies, sacr\u00e9es et profanes.<br><strong>Th\u00e8me<\/strong> : le renouveau ; La conscience corporelle, la technique vocale et le r\u00e9pertoire m\u00e9di\u00e9val s\u2019appuieront sur ce retour \u00e0 soi pour aller vers l\u2019autre, vers le monde, en lune montante, dans un souffle cr\u00e9atif, un chant qui se projette, de nouvelles aspirations et explorations dans le corps et dans la voix, mettre de la lumi\u00e8re sur des zones peut-\u00eatre jamais sollicit\u00e9es, s\u2019exprimer pour \u00eatre dans le renouveau, dans le corps en pr\u00e9sence, et le chant en joie !<br><strong>Contenu <\/strong>: mise en corps, conscience corporelle et mise en voix. Temps de m\u00e9ditation. Apprentissage des chants par transmission orale et avec les partitions (envoy\u00e9es en amont du stage).Concert de fin de stage : jeudi 27  octobre 2022 \u00e0 16h <strong>\u00e0 l&#8217;Abbaye&nbsp;de Fontdouce<\/strong><\/p>\n\n\n\n<p><strong>Hildegarde de Bingen, source de vie, <\/strong>, 17 et 18 septembre 2022 au centre de la Voix d&#8217;Aunis \u00e0 St Sauveur d&#8217;Aunis. 10h-18h ; 125 euros + 8 euros d&#8217;adh\u00e9sion. Possibilit\u00e9 de camper sur place. tel : 06 99 90 44 57 ; voixdaunis17@gmail.com ; Intervenant : Fabienne Cellier-Triguel, artiste Lyrique, sacr\u00e9e et m\u00e9di\u00e9vale. <a href=\"https:\/\/voixdaunis.com\/wp-content\/uploads\/2022\/09\/stage-hildegarde-sept-22.jpg\" data-type=\"URL\" data-id=\"https:\/\/voixdaunis.com\/wp-content\/uploads\/2022\/09\/stage-hildegarde-sept-22.jpg\" target=\"_blank\" rel=\"noreferrer noopener\">Flyer<\/a><\/p>\n\n\n\n<p><\/p>\n\n\n\n<p><strong><a rel=\"noreferrer noopener\" href=\"https:\/\/voixdaunis.com\/wp-content\/uploads\/2022\/06\/stage-chant-meditation-yogaduson-25-26-juin2022.pdf\" target=\"_blank\">STAGE CHANT SACRE &amp; MEDITATION Yoga du son<\/a><\/strong><br><strong>En septembre (dates \u00e0 confirmer)<\/strong> <a rel=\"noreferrer noopener\" href=\"https:\/\/www.gitelesormeaux.com\/\" target=\"_blank\">au g\u00eete des Ormeaux<\/a> 17290 Chambon et \u00e0 la chapelle St Jacques du Cher<strong> M\u00e9diter par le chant et le silence.&nbsp;<\/strong>Techniques de m\u00e9ditation et de vibration&nbsp; du <strong>Yoga du son <\/strong>; <strong>souffle<\/strong> (Pranayama), conscience vocale et corporelle, chants sacr\u00e9s m\u00e9di\u00e9vaux, bija mantras, <strong>bain sonore. Chants et Mantras d\u2019occident <\/strong>(Hildegarde de Bingen, chant gr\u00e9gorien)\u2026<a href=\"http:\/\/stage\" data-type=\"URL\" data-id=\"stage\">Flyer<\/a><\/p>\n\n\n\n<p><\/p>\n\n\n\n<p><strong>Concert m\u00e9ditatif<\/strong> et voyage sonore : le 26 juin 2022 \u00e0 18h<\/p>\n\n\n\n<p><\/p>\n\n\n\n<p><strong>Stage de yoga du son \u00e0 St Sauveur d&#8217;Aunis (dates \u00e0 d\u00e9finir)<\/strong><br>conscience vocale, yoga du son, m\u00e9ditation. Mantras d&#8217;orient et d&#8217;occident (chant v\u00e9dique- gr\u00e9gorien-Hildegarde de Bingen-Cantigas), Hatha yoga sonore.<\/p>\n\n\n\n<p><strong>Marche et chant gr\u00e9gorien&nbsp;<\/strong><br>Lundi 18 au mercredi 20 juillet 2022 <a rel=\"noreferrer noopener\" href=\"https:\/\/voixdaunis.com\/wp-content\/uploads\/2022\/06\/Flyer-Stages-de-Chant-2022c.pdf\" target=\"_blank\">Flyer<\/a><br>Intervenants : Fabienne Cellier-Triguel, artiste lyrique, Marie-Armelle Meunier, guide, chanteuse.&nbsp; &nbsp;Tarif :&nbsp; 205 \u20ac + 8\u20ac d&#8217;adh\u00e9sion<br>Theme : le renouveau , le printemps, P\u00e2ques, l&#8217;\u00e9merveillement Contenu : Chants gr\u00e9goriens, Hildegarde de Bingen (miroir de l&#8217;\u00e2me)\/&nbsp; canons, chants de Pellerins, chant spontan\u00e9,&nbsp;improvisation et m\u00e9ditation pendant les randonn\u00e9es autour des sources et de la for\u00eat. Concert de fin de stage : mercredi 20 juillet 2022 \u00e0 17h <strong>\u00e0 l&#8217;Abbaye&nbsp;de Fontdouce<\/strong><\/p>\n\n\n\n<p><strong>Master classe&nbsp; de Chant lyrique<\/strong> du mardi 23 au jeudi 25 Ao\u00fbt 2022 <a rel=\"noreferrer noopener\" href=\"https:\/\/voixdaunis.com\/wp-content\/uploads\/2022\/06\/Flyer-Stages-de-Chant-2022c.pdf\" target=\"_blank\">Flyer<\/a> Niveau avanc\u00e9 ou autonomie pour l&#8217;apprentissage musical. Intervenants : Fabienne Cellier-Triguel, artiste Lyrique, Massanori Kobiki, pianiste, chef de chant Tarif : 220 \u20ac + 8\u20ac d&#8217;adh\u00e9sion Concert de fin de stage : jeudi 25 Ao\u00fbt&nbsp; 2022 \u00e0 17h <strong>\u00e0 l&#8217;Abbaye&nbsp;de Fontdouce<\/strong><\/p>\n\n\n\n<div class=\"wp-block-image\"><figure class=\"aligncenter\"><img loading=\"lazy\" decoding=\"async\" width=\"300\" height=\"400\" src=\"https:\/\/voixdaunis.com\/wp-content\/uploads\/2018\/05\/fabienne_fontdouce.jpg\" alt=\"\" class=\"wp-image-352\" srcset=\"https:\/\/voixdaunis.com\/wp-content\/uploads\/2018\/05\/fabienne_fontdouce.jpg 300w, https:\/\/voixdaunis.com\/wp-content\/uploads\/2018\/05\/fabienne_fontdouce-225x300.jpg 225w\" sizes=\"auto, (max-width: 300px) 100vw, 300px\" \/><\/figure><\/div>\n\n\n\n<p><strong>Fabienne Cellier-Triguel<\/strong> Artiste Lyrique et M\u00e9di\u00e9vale.-Soprano-Professeur de chant lyrique (DE) Conscience vocale-Yoga du son<\/p>\n\n\n\n<div class=\"wp-block-image\"><figure class=\"aligncenter\"><img loading=\"lazy\" decoding=\"async\" width=\"302\" height=\"201\" src=\"https:\/\/voixdaunis.com\/wp-content\/uploads\/2018\/05\/Massanori_Kobiki.jpg\" alt=\"\" class=\"wp-image-354\" srcset=\"https:\/\/voixdaunis.com\/wp-content\/uploads\/2018\/05\/Massanori_Kobiki.jpg 302w, https:\/\/voixdaunis.com\/wp-content\/uploads\/2018\/05\/Massanori_Kobiki-300x200.jpg 300w\" sizes=\"auto, (max-width: 302px) 100vw, 302px\" \/><\/figure><\/div>\n\n\n\n<p><strong>Massanori Kobiki<\/strong> pianiste, chef de chant<\/p>\n\n\n\n<div class=\"wp-block-image\"><figure class=\"aligncenter\"><img loading=\"lazy\" decoding=\"async\" width=\"243\" height=\"364\" src=\"https:\/\/voixdaunis.com\/wp-content\/uploads\/2018\/05\/christinewahl_dim.jpg\" alt=\"\" class=\"wp-image-351\" srcset=\"https:\/\/voixdaunis.com\/wp-content\/uploads\/2018\/05\/christinewahl_dim.jpg 243w, https:\/\/voixdaunis.com\/wp-content\/uploads\/2018\/05\/christinewahl_dim-200x300.jpg 200w\" sizes=\"auto, (max-width: 243px) 100vw, 243px\" \/><\/figure><\/div>\n\n\n\n<p>Christine Wahl Professeur de danse, de Tai-chi-chuan, conscience corporelle, et th\u00e9rapeute manuelle <a href=\"https:\/\/www.christinewahl.co\/\">https:\/\/www.christinewahl.co\/<\/a><\/p>\n\n\n\n<figure class=\"wp-block-image\"><img loading=\"lazy\" decoding=\"async\" width=\"552\" height=\"610\" src=\"https:\/\/voixdaunis.com\/wp-content\/uploads\/2019\/02\/marie-armelle-meunier-recadree.jpg\" alt=\"marie-armelle meunier\" class=\"wp-image-509\" srcset=\"https:\/\/voixdaunis.com\/wp-content\/uploads\/2019\/02\/marie-armelle-meunier-recadree.jpg 552w, https:\/\/voixdaunis.com\/wp-content\/uploads\/2019\/02\/marie-armelle-meunier-recadree-271x300.jpg 271w\" sizes=\"auto, (max-width: 552px) 100vw, 552px\" \/><\/figure>\n\n\n\n<p><strong>Marie-Armelle Meunier<\/strong> Guide randonn\u00e9e, musicoth\u00e9rapeute, chant spontan\u00e9 <a href=\"https:\/\/le-chant-spontane.com\/\" target=\"_blank\" rel=\"noreferrer noopener\">https:\/\/le-chant-spontane.com\/<\/a><\/p>\n\n\n\n<div class=\"wp-block-image\"><figure class=\"alignright\"><img loading=\"lazy\" decoding=\"async\" width=\"153\" height=\"142\" src=\"https:\/\/voixdaunis.com\/wp-content\/uploads\/2018\/05\/neumes_hildegarde.jpg\" alt=\"\" class=\"wp-image-347\"\/><\/figure><\/div>\n\n\n\n<p><strong>Nous contacter<\/strong> Centre de la Voix Voix d&#8217;Aunis voixdaunis17@gmail.com www.voixdaunis.com 06 99 90 44 57<\/p>\n\n\n\n<div class=\"wp-block-image\"><figure class=\"aligncenter\"><img loading=\"lazy\" decoding=\"async\" width=\"1123\" height=\"727\" src=\"https:\/\/voixdaunis.com\/wp-content\/uploads\/2017\/09\/cerisier_raguenaud.jpg\" alt=\"Pour les stages en r\u00e9sidences\" class=\"wp-image-56\" srcset=\"https:\/\/voixdaunis.com\/wp-content\/uploads\/2017\/09\/cerisier_raguenaud.jpg 1123w, https:\/\/voixdaunis.com\/wp-content\/uploads\/2017\/09\/cerisier_raguenaud-300x194.jpg 300w, https:\/\/voixdaunis.com\/wp-content\/uploads\/2017\/09\/cerisier_raguenaud-768x497.jpg 768w, https:\/\/voixdaunis.com\/wp-content\/uploads\/2017\/09\/cerisier_raguenaud-1024x663.jpg 1024w, https:\/\/voixdaunis.com\/wp-content\/uploads\/2017\/09\/cerisier_raguenaud-463x300.jpg 463w\" sizes=\"auto, (max-width: 1123px) 100vw, 1123px\" \/><\/figure><\/div>\n\n\n\n<p><strong>S\u00e9jours\/camping \u00e0 la ferme\/ gite insolite et tentes Inuit<\/strong> Pour les stages en r\u00e9sidence \u00e0 St Sauveur d&#8217;Aunis (20 minutes de La Rochelle) ou un temps de retour vers la nature ( \u00e0 la porte du Marais Poitevin)<\/p>\n\n\n\n<p>Contacter le 06 07 06 51 69<\/p>\n","protected":false},"excerpt":{"rendered":"<p>Printemps \/ Et\u00e9 \/ Automne 2022 STAGE DE CHANT ET MEDITATION : m\u00e9diter par le chant et le silence. 10h-17h30 le samedi17 d\u00e9cembre 2022 ; Gite des ormeaux (Chambon-17). Techniques de m\u00e9ditation et de vibration du Yoga du son ; &hellip; <a href=\"https:\/\/voixdaunis.com\/index.php\/2022\/06\/02\/stages-de-chant-2022\/\">Continuer la lecture <span class=\"meta-nav\">&rarr;<\/span><\/a><\/p>\n","protected":false},"author":1,"featured_media":0,"comment_status":"open","ping_status":"open","sticky":false,"template":"","format":"standard","meta":{"footnotes":""},"categories":[27,13,36,18,16,34,54,25,26,33,15,55,1,12,19],"tags":[],"class_list":["post-564","post","type-post","status-publish","format-standard","hentry","category-centre-de-la-voix","category-chant-gregorien","category-chant-lyrique","category-chant-medieval","category-chant-sacre","category-concert","category-concert-meditatif","category-conscience-corporelle","category-conscience-vocale","category-cours-de-chant","category-hildegarde-de-bingen","category-meditation","category-non-classe","category-stage-de-chant","category-xiie"],"_links":{"self":[{"href":"https:\/\/voixdaunis.com\/index.php\/wp-json\/wp\/v2\/posts\/564","targetHints":{"allow":["GET"]}}],"collection":[{"href":"https:\/\/voixdaunis.com\/index.php\/wp-json\/wp\/v2\/posts"}],"about":[{"href":"https:\/\/voixdaunis.com\/index.php\/wp-json\/wp\/v2\/types\/post"}],"author":[{"embeddable":true,"href":"https:\/\/voixdaunis.com\/index.php\/wp-json\/wp\/v2\/users\/1"}],"replies":[{"embeddable":true,"href":"https:\/\/voixdaunis.com\/index.php\/wp-json\/wp\/v2\/comments?post=564"}],"version-history":[{"count":31,"href":"https:\/\/voixdaunis.com\/index.php\/wp-json\/wp\/v2\/posts\/564\/revisions"}],"predecessor-version":[{"id":709,"href":"https:\/\/voixdaunis.com\/index.php\/wp-json\/wp\/v2\/posts\/564\/revisions\/709"}],"wp:attachment":[{"href":"https:\/\/voixdaunis.com\/index.php\/wp-json\/wp\/v2\/media?parent=564"}],"wp:term":[{"taxonomy":"category","embeddable":true,"href":"https:\/\/voixdaunis.com\/index.php\/wp-json\/wp\/v2\/categories?post=564"},{"taxonomy":"post_tag","embeddable":true,"href":"https:\/\/voixdaunis.com\/index.php\/wp-json\/wp\/v2\/tags?post=564"}],"curies":[{"name":"wp","href":"https:\/\/api.w.org\/{rel}","templated":true}]}}