{"id":586,"date":"2022-06-02T18:15:35","date_gmt":"2022-06-02T16:15:35","guid":{"rendered":"https:\/\/voixdaunis.com\/?p=586"},"modified":"2022-06-02T18:15:35","modified_gmt":"2022-06-02T16:15:35","slug":"balade-lyrique","status":"publish","type":"post","link":"https:\/\/voixdaunis.com\/index.php\/2022\/06\/02\/balade-lyrique\/","title":{"rendered":"Balade Lyrique"},"content":{"rendered":"\n<p>Spectacle en diffusion- r\u00e9cital lyrique : une balade lyrique des plus grands airs d&#8217;op\u00e9ra de soprano, \u00e0 travers les th\u00e8mes pr\u00e9f\u00e9r\u00e9s de l&#8217;op\u00e9ra : l&#8217;amour, la noblesse, le bon vin &#8230;<\/p>\n\n\n\n<p>Teaser<\/p>\n\n\n\n<figure class=\"wp-block-embed is-type-video is-provider-youtube wp-block-embed-youtube wp-embed-aspect-16-9 wp-has-aspect-ratio\"><div class=\"wp-block-embed__wrapper\">\n<iframe loading=\"lazy\" title=\"Teaser Balade Lyrique, cie Voix d&#039;Aunis\" width=\"584\" height=\"329\" src=\"https:\/\/www.youtube.com\/embed\/J8bFLNIaOp8?feature=oembed\" frameborder=\"0\" allow=\"accelerometer; autoplay; clipboard-write; encrypted-media; gyroscope; picture-in-picture; web-share\" referrerpolicy=\"strict-origin-when-cross-origin\" allowfullscreen><\/iframe>\n<\/div><\/figure>\n","protected":false},"excerpt":{"rendered":"<p>Spectacle en diffusion- r\u00e9cital lyrique : une balade lyrique des plus grands airs d&#8217;op\u00e9ra de soprano, \u00e0 travers les th\u00e8mes pr\u00e9f\u00e9r\u00e9s de l&#8217;op\u00e9ra : l&#8217;amour, la noblesse, le bon vin &#8230; Teaser<\/p>\n","protected":false},"author":1,"featured_media":0,"comment_status":"open","ping_status":"open","sticky":false,"template":"","format":"standard","meta":{"footnotes":""},"categories":[36,34],"tags":[],"class_list":["post-586","post","type-post","status-publish","format-standard","hentry","category-chant-lyrique","category-concert"],"_links":{"self":[{"href":"https:\/\/voixdaunis.com\/index.php\/wp-json\/wp\/v2\/posts\/586","targetHints":{"allow":["GET"]}}],"collection":[{"href":"https:\/\/voixdaunis.com\/index.php\/wp-json\/wp\/v2\/posts"}],"about":[{"href":"https:\/\/voixdaunis.com\/index.php\/wp-json\/wp\/v2\/types\/post"}],"author":[{"embeddable":true,"href":"https:\/\/voixdaunis.com\/index.php\/wp-json\/wp\/v2\/users\/1"}],"replies":[{"embeddable":true,"href":"https:\/\/voixdaunis.com\/index.php\/wp-json\/wp\/v2\/comments?post=586"}],"version-history":[{"count":1,"href":"https:\/\/voixdaunis.com\/index.php\/wp-json\/wp\/v2\/posts\/586\/revisions"}],"predecessor-version":[{"id":587,"href":"https:\/\/voixdaunis.com\/index.php\/wp-json\/wp\/v2\/posts\/586\/revisions\/587"}],"wp:attachment":[{"href":"https:\/\/voixdaunis.com\/index.php\/wp-json\/wp\/v2\/media?parent=586"}],"wp:term":[{"taxonomy":"category","embeddable":true,"href":"https:\/\/voixdaunis.com\/index.php\/wp-json\/wp\/v2\/categories?post=586"},{"taxonomy":"post_tag","embeddable":true,"href":"https:\/\/voixdaunis.com\/index.php\/wp-json\/wp\/v2\/tags?post=586"}],"curies":[{"name":"wp","href":"https:\/\/api.w.org\/{rel}","templated":true}]}}