{"id":628,"date":"2022-06-04T17:40:16","date_gmt":"2022-06-04T15:40:16","guid":{"rendered":"https:\/\/voixdaunis.com\/?p=628"},"modified":"2022-06-04T17:47:59","modified_gmt":"2022-06-04T15:47:59","slug":"projet-opera","status":"publish","type":"post","link":"https:\/\/voixdaunis.com\/index.php\/2022\/06\/04\/projet-opera\/","title":{"rendered":"PROJET OPERA"},"content":{"rendered":"\n<p><\/p>\n\n\n\n<p>Voix d&#8217;Aunis depuis 2007 propose des PROJETS OPERA f\u00e9d\u00e9rateurs autour de spectacles professionnels et a ainsi sensibilis\u00e9 plus de 5000 enfants, choristes et musiciens en herbe..<\/p>\n\n\n\n<p><span style=\"color:#a30028\" class=\"has-inline-color\"><strong>Programmez un projet op\u00e9ra <\/strong>!<\/span><\/p>\n\n\n\n<div class=\"wp-block-image\"><figure class=\"aligncenter size-large\"><img loading=\"lazy\" decoding=\"async\" width=\"294\" height=\"473\" src=\"https:\/\/voixdaunis.com\/wp-content\/uploads\/2019\/09\/marius_chante_cocktail.jpg\" alt=\"\" class=\"wp-image-462\" srcset=\"https:\/\/voixdaunis.com\/wp-content\/uploads\/2019\/09\/marius_chante_cocktail.jpg 294w, https:\/\/voixdaunis.com\/wp-content\/uploads\/2019\/09\/marius_chante_cocktail-186x300.jpg 186w\" sizes=\"auto, (max-width: 294px) 100vw, 294px\" \/><figcaption>Les enfants chantent de l&#8217;op\u00e9ra ! (Marius Cellier)<\/figcaption><\/figure><\/div>\n\n\n\n<p><em><strong>PROJET OPERA \u00e0 la carte&nbsp;<\/strong><\/em><\/p>\n\n\n\n<p>-Actions de m\u00e9diation : pr\u00e9sentation, ateliers, r\u00e9p\u00e9titions ouvertes<\/p>\n\n\n\n<p>-Ateliers de sensibilisation \u00e0 l&#8217;op\u00e9ra<\/p>\n\n\n\n<p>-Ateliers de chant et th\u00e9\u00e2tre<\/p>\n\n\n\n<p>-R\u00e9p\u00e9titions avec l&#8217;\u00e9quipe artistique professionnelle<\/p>\n\n\n\n<p>-Outils p\u00e9dagogiques : dossiers, partitions, s\u00e9l\u00e9ction de chants adapt\u00e9s ou de refrains des airs d&#8217;op\u00e9ra, fichiers mp3, vid\u00e9os des spectacles pour r\u00e9p\u00e9ter<\/p>\n\n\n\n<p>-Participation des amateurs aux spectacles (ch\u0153urs, enfants, adultes, musiciens : \u00e0 la fois spectateurs et acteurs)<\/p>\n\n\n\n<p>-Exemple : op\u00e9ra <a href=\"http:\/\/clem-la-boheme.com\/orphee%20et%20eurydice.htm\" target=\"_blank\" rel=\"noreferrer noopener\">Orph\u00e9e et Eurydice de Gluck<\/a> avec ch\u0153ur et orchestre ; <a href=\"http:\/\/clem-la-boheme.com\/cocktaildopera.htm\" target=\"_blank\" rel=\"noreferrer noopener\">Cocktail d&#8217;Op\u00e9ra<\/a>, r\u00e9cital en 4 tableaux autour de l&#8217;amour \u00e0 l&#8217;op\u00e9ra :&nbsp; diabolique, romantique ou p\u00e9tillant&nbsp; ; <a href=\"http:\/\/voixdaunis.com\/index.php\/la-flute-enchantee-spectacle-jeune-public\/\" target=\"_blank\" rel=\"noreferrer noopener\">La Fl\u00fbte Enchant\u00e9e<\/a>, conte musical jeune public. <a href=\"https:\/\/1418enaunis.wordpress.com\/accueil\/blog\/\" target=\"_blank\" rel=\"noreferrer noopener\">Chanter pendant la Grande Guerre, Pace 14-18<\/a>.<\/p>\n\n\n\n<p>La conception de Cocktail d&#8217;op\u00e9ra ou des spectacles sur la Grande Guerre, permet d&#8217;inclure des propositions des participants et programmateurs : chants, pi\u00e8ces musicales, sc\u00e8nes th\u00e9\u00e2trales, textes, po\u00e8mes, exposition de dessins&#8230;<\/p>\n\n\n\n<p><em><strong>Ainsi, chaque PROJET OPERA est&nbsp; unique selon les participants<\/strong><\/em><\/p>\n\n\n\n<p><strong><a rel=\"noreferrer noopener\" href=\"http:\/\/clem-la-boheme.com\/\" target=\"_blank\">Cliquez ici<\/a> pour conna\u00eetre la liste de nos spectacles et r\u00e9citals lyriques<\/strong><\/p>\n\n\n\n<figure class=\"wp-block-image size-large\"><img loading=\"lazy\" decoding=\"async\" width=\"511\" height=\"350\" src=\"https:\/\/voixdaunis.com\/wp-content\/uploads\/2018\/02\/orphee_stpierre_eldorado14-1.jpg\" alt=\"\" class=\"wp-image-268\" srcset=\"https:\/\/voixdaunis.com\/wp-content\/uploads\/2018\/02\/orphee_stpierre_eldorado14-1.jpg 511w, https:\/\/voixdaunis.com\/wp-content\/uploads\/2018\/02\/orphee_stpierre_eldorado14-1-300x205.jpg 300w, https:\/\/voixdaunis.com\/wp-content\/uploads\/2018\/02\/orphee_stpierre_eldorado14-1-438x300.jpg 438w\" sizes=\"auto, (max-width: 511px) 100vw, 511px\" \/><\/figure>\n\n\n\n<p><\/p>\n","protected":false},"excerpt":{"rendered":"<p>Voix d&#8217;Aunis depuis 2007 propose des PROJETS OPERA f\u00e9d\u00e9rateurs autour de spectacles professionnels et a ainsi sensibilis\u00e9 plus de 5000 enfants, choristes et musiciens en herbe.. Programmez un projet op\u00e9ra ! PROJET OPERA \u00e0 la carte&nbsp; -Actions de m\u00e9diation : &hellip; <a href=\"https:\/\/voixdaunis.com\/index.php\/2022\/06\/04\/projet-opera\/\">Continuer la lecture <span class=\"meta-nav\">&rarr;<\/span><\/a><\/p>\n","protected":false},"author":1,"featured_media":0,"comment_status":"open","ping_status":"open","sticky":false,"template":"","format":"standard","meta":{"footnotes":""},"categories":[1],"tags":[],"class_list":["post-628","post","type-post","status-publish","format-standard","hentry","category-non-classe"],"_links":{"self":[{"href":"https:\/\/voixdaunis.com\/index.php\/wp-json\/wp\/v2\/posts\/628","targetHints":{"allow":["GET"]}}],"collection":[{"href":"https:\/\/voixdaunis.com\/index.php\/wp-json\/wp\/v2\/posts"}],"about":[{"href":"https:\/\/voixdaunis.com\/index.php\/wp-json\/wp\/v2\/types\/post"}],"author":[{"embeddable":true,"href":"https:\/\/voixdaunis.com\/index.php\/wp-json\/wp\/v2\/users\/1"}],"replies":[{"embeddable":true,"href":"https:\/\/voixdaunis.com\/index.php\/wp-json\/wp\/v2\/comments?post=628"}],"version-history":[{"count":3,"href":"https:\/\/voixdaunis.com\/index.php\/wp-json\/wp\/v2\/posts\/628\/revisions"}],"predecessor-version":[{"id":633,"href":"https:\/\/voixdaunis.com\/index.php\/wp-json\/wp\/v2\/posts\/628\/revisions\/633"}],"wp:attachment":[{"href":"https:\/\/voixdaunis.com\/index.php\/wp-json\/wp\/v2\/media?parent=628"}],"wp:term":[{"taxonomy":"category","embeddable":true,"href":"https:\/\/voixdaunis.com\/index.php\/wp-json\/wp\/v2\/categories?post=628"},{"taxonomy":"post_tag","embeddable":true,"href":"https:\/\/voixdaunis.com\/index.php\/wp-json\/wp\/v2\/tags?post=628"}],"curies":[{"name":"wp","href":"https:\/\/api.w.org\/{rel}","templated":true}]}}