{"id":713,"date":"2023-03-28T17:03:09","date_gmt":"2023-03-28T15:03:09","guid":{"rendered":"https:\/\/voixdaunis.com\/?p=713"},"modified":"2023-12-22T23:02:18","modified_gmt":"2023-12-22T22:02:18","slug":"stage-de-chant-2023","status":"publish","type":"post","link":"https:\/\/voixdaunis.com\/index.php\/2023\/03\/28\/stage-de-chant-2023\/","title":{"rendered":"STAGE DE CHANT 2023"},"content":{"rendered":"\n<figure class=\"wp-block-image size-large\"><img loading=\"lazy\" decoding=\"async\" width=\"574\" height=\"647\" src=\"https:\/\/voixdaunis.com\/wp-content\/uploads\/2022\/06\/stage-fontdouce-2009.jpeg\" alt=\"\" class=\"wp-image-573\" srcset=\"https:\/\/voixdaunis.com\/wp-content\/uploads\/2022\/06\/stage-fontdouce-2009.jpeg 574w, https:\/\/voixdaunis.com\/wp-content\/uploads\/2022\/06\/stage-fontdouce-2009-266x300.jpeg 266w\" sizes=\"auto, (max-width: 574px) 100vw, 574px\" \/><\/figure>\n\n\n\n<p><strong>Printemps \/ Et\u00e9 \/ Automne \/ decembre2023<\/strong><\/p>\n\n\n\n<p><strong>Samedi 23 d\u00e9cembre 2023<\/strong>  : cercle de chant et m\u00e9ditation autour d&#8217;Hildegarde de Bingen  \u00e0 Maizeron, St Mard (17700) de 14h \u00e0 17h, 4 chemin de l&#8217;agat. Participation 25 euros contact : 06 99 90 44 57<\/p>\n\n\n\n<p class=\"has-blue-color has-text-color\"><strong><a rel=\"noreferrer noopener\" href=\"https:\/\/www.abbaye-fontdouce.com\/fr\/les-rendez-vous\/stages-artistiques\" data-type=\"URL\" data-id=\"https:\/\/www.abbaye-fontdouce.com\/fr\/les-rendez-vous\/stages-artistiques\" target=\"_blank\">STAGES A L&#8217;ABBAYE DE FONTDOUCE<\/a><\/strong>  &amp; <strong>STAGES A ST SAUVEUR D&#8217;AUNIS (HILDEGARDE DE BINGEN, GREGORIEN, MEDIEVAL, LYRIQUE)<\/strong><\/p>\n\n\n\n<p><strong><a rel=\"noreferrer noopener\" href=\"https:\/\/www.abbaye-fontdouce.com\/fr\/les-rendez-vous\/stages-artistiques\" data-type=\"URL\" data-id=\"https:\/\/www.abbaye-fontdouce.com\/fr\/les-rendez-vous\/stages-artistiques\" target=\"_blank\">STAGES A L&#8217;ABBAYE DE FONTDOUCE<\/a><\/strong> (17)<\/p>\n\n\n\n<p>Le th\u00e8me 2023 des stages \u00e0 l&#8217;Abbaye de Fontdouce de <strong>chants m\u00e9di\u00e9vaux, chants lyriques et chants sacr\u00e9s<\/strong> porte sur l<strong>e Th\u00e8me &#8220;Sur les traces des chants Marials<\/strong>&#8220;. conscience et technique vocale, apprentissage des chants par&nbsp; transmission orale, partition,&nbsp; neumes, interpr\u00e9tation, &nbsp; yoga du son, m\u00e9ditation.&nbsp;<br><strong>&nbsp;Plaquette :&nbsp; <a rel=\"noreferrer noopener\" href=\"https:\/\/voixdaunis.com\/wp-content\/uploads\/2023\/06\/Flyer-Stages-de-Chant-2023-3.pdf\" data-type=\"URL\" target=\"_blank\">cliquez ici <\/a> ( Les dates  du stage m\u00e9di\u00e9val ont chang\u00e9 du 1er au 4 novembre );&nbsp; Visite virtuel de l&#8217;Abbaye: <a rel=\"noreferrer noopener\" href=\"https:\/\/www.abbaye-fontdouce.com\/\" target=\"_blank\">cliquez ici&nbsp;<\/a>et&nbsp;&nbsp;<a rel=\"noreferrer noopener\" href=\"https:\/\/www.location-de-salle-fontdouce.com\/\" target=\"_blank\">autre&nbsp;visite &nbsp;<\/a><\/strong>Contact pour l&#8217;inscription et l&#8217;h\u00e9bergement \u00e0 l&#8217;abbaye : Abbaye de Fontdouce 17 770 Saint-Bris des Bois 05 46 74 77 08 \/ contact@fontdouce.com \/&nbsp;<a rel=\"noreferrer noopener\" href=\"http:\/\/www.fontdouce.com\/\" target=\"_blank\">www.fontdouce.com<\/a><\/p>\n\n\n\n<p><strong><mark style=\"background-color:rgba(0, 0, 0, 0);color:#00a337\" class=\"has-inline-color\">MASTER CLASSE DE CHANT LYRIQUE <\/mark><\/strong>du mardi 11 au jeudi 13 juillet 2023  <a href=\"https:\/\/voixdaunis.com\/wp-content\/uploads\/2023\/06\/Flyer-Stages-de-Chant-2023-3.pdf\" data-type=\"URL\" target=\"_blank\" rel=\"noreferrer noopener\">Flyer<\/a> Niveau avanc\u00e9 ou autonomie pour l&#8217;apprentissage musical. Intervenants : <strong>Fabienne Cellier-Triguel<\/strong>, artiste Lyrique, <strong>Massanori Kobiki,<\/strong> pianiste, chef de chant Tarif : 230 \u20ac + 8\u20ac d&#8217;adh\u00e9sion Concert de fin de stage : jeudi 13 juillet 2023 \u00e0 17h <strong>\u00e0 l&#8217;Abbaye&nbsp;de Fontdouce<\/strong><\/p>\n\n\n\n<p><strong><mark style=\"background-color:rgba(0, 0, 0, 0);color:#00a337\" class=\"has-inline-color\">MARCHE ET CHANT GREGORIEN<\/mark><\/strong><br>Lundi 21 au mercredi 23 ao\u00fbt 2023 <a rel=\"noreferrer noopener\" href=\"https:\/\/voixdaunis.com\/wp-content\/uploads\/2023\/03\/Flyer-Stages-de-Chant-2023.pdf\" target=\"_blank\"><\/a><a href=\"https:\/\/voixdaunis.com\/wp-content\/uploads\/2023\/06\/Flyer-Stages-de-Chant-2023-3.pdf\" target=\"_blank\" rel=\"noreferrer noopener\">Flyer<\/a><br>Intervenants : <strong>Fabienne Cellier-Triguel<\/strong>, artiste lyrique, <strong>Marie-Armelle Meunier,<\/strong> guide, chanteuse, chant spontan\u00e9.&nbsp; &nbsp;Tarif :&nbsp; 215 \u20ac + 8\u20ac d&#8217;adh\u00e9sion<br>Theme : <strong>Sur les traces des chants Marials<\/strong>                                                                   Contenu : Chants gr\u00e9goriens, Hildegarde de Bingen (miroir de l&#8217;\u00e2me)\/&nbsp; canons, chants de Pellerins, chant spontan\u00e9,&nbsp;improvisation et m\u00e9ditation pendant les randonn\u00e9es autour des sources et de la for\u00eat. Concert de fin de stage : mercredi 23 ao\u00fbt 2023 \u00e0 17h <strong>\u00e0 l&#8217;Abbaye&nbsp;de Fontdouce<\/strong><\/p>\n\n\n\n<p><strong><mark style=\"background-color:rgba(0, 0, 0, 0);color:#00a337\" class=\"has-inline-color\">CHANT MEDIEVAL ET CONSCIENCE CORPORELLE<\/mark><\/strong><br>Mercredi 1er au  samedi 4 novembre 2023 <a rel=\"noreferrer noopener\" href=\"https:\/\/voixdaunis.com\/wp-content\/uploads\/2023\/03\/Flyer-Stages-de-Chant-2023.pdf\" target=\"_blank\"><\/a><a href=\"https:\/\/voixdaunis.com\/wp-content\/uploads\/2023\/06\/Flyer-Stages-de-Chant-2023-3.pdf\" target=\"_blank\" rel=\"noreferrer noopener\">Flyer<\/a> (Attention : Les dates ont chang\u00e9 par rapport \u00e0 celles du Flyer)<br>Intervenants : <strong>Fabienne Cellier-Triguel,<\/strong> artiste Lyrique, <strong>Christine Walh<\/strong>, danse, conscience du corps Tarif :&nbsp; 285 \u20ac + 8\u20ac d&#8217;adh\u00e9sion<\/p>\n\n\n\n<p><strong>R\u00e9pertoire : <\/strong>Hildegard de Bingen, la po\u00e9tique de la <em>fin amor <\/em>des troubadours, troba\u00efritz et trouv\u00e8res, dans le renouveau en gaiet\u00e9 du retour du Pellerin. Monodies, polyphonies, sacr\u00e9es et profanes.<br><strong>Th\u00e8me<\/strong> : <strong>Sur les traces des chants Marials<\/strong> :Aller sur les traces des vierges et figures mariales de toutes traditions am\u00e8ne \u00e0 ressentir dans notre corps et dans notre voix l\u2019essence de la f\u00e9minit\u00e9, des vertus, de la d\u00e9esse, de la maternit\u00e9, de la protection, de la transmission, de la m\u00e9diation. Comment les repr\u00e9sentations visuelles, symboliques, verbales, musicales et posturales de ces figures de Vierges et de femmes peuvent apporter en nous des \u00e9clairages sur le ressenti affin\u00e9 de notre corps, de notre technique vocale, du mouvement, du geste, des silences et expressions artistiques et musicales.<br><br><strong>Contenu <\/strong>: mise en corps, conscience corporelle et mise en voix. Temps de m\u00e9ditation. Apprentissage des chants par transmission orale et avec les partitions (envoy\u00e9es en amont du stage).Concert de fin de stage :4 novembre \u00e0 16h <strong>\u00e0 l&#8217;Abbaye&nbsp;de Fontdouce<\/strong><\/p>\n\n\n\n<p class=\"has-blue-color has-text-color\"><strong>STAGES A ST SAUVEUR D&#8217;AUNIS <\/strong>(17)<\/p>\n\n\n\n<h2 class=\"wp-block-heading\"><strong><mark style=\"background-color:rgba(0, 0, 0, 0);color:#00a337\" class=\"has-inline-color\">STAGES HILDEGARDE DE BINGEN<\/mark><\/strong><\/h2>\n\n\n\n<p class=\"has-text-align-center\"><strong>Stage 2022 <\/strong><\/p>\n\n\n\n<figure class=\"wp-block-table\"><table><thead><tr><th><\/th><\/tr><\/thead><tbody><tr><td><strong>Hildegarde de Bingen, stages de chant et m\u00e9ditation&nbsp;<\/strong>:&nbsp;<strong>7 au 9 juillet 2023 \/ 12 au 14 ao\u00fbt 2023 \/ 15 au 17 septembre 2023 \/&nbsp;<\/strong>de 10h-17h&nbsp;<br>Tarif : 180 \u20ac \/ stage + 8 \u20ac d\u2019adh\u00e9sion (r\u00e9duction de 10 % pour l&#8217;inscription \u00e0 2 stages); Descriptif et inscription sur Helloasso. Du&nbsp;7 au 9 juillet 2023&nbsp;<a rel=\"noreferrer noopener\" href=\"https:\/\/www.helloasso.com\/associations\/voix-d-aunis\/evenements\/chanter-hildegarde-stage-de-chant-et-meditation-2-1\" target=\"_blank\">cliquez ici<\/a>&nbsp;, du 12 au 14 ao\u00fbt 2023&nbsp;<a rel=\"noreferrer noopener\" href=\"https:\/\/www.helloasso.com\/associations\/voix-d-aunis\/evenements\/hildegarde-de-bingen-stage-de-chant-et-meditation-12-au-14-aout-2023\" target=\"_blank\">cliquez ici<\/a>&nbsp;,&nbsp;&nbsp;du 15 au 17 septembre 2023&nbsp;<a rel=\"noreferrer noopener\" href=\"https:\/\/www.helloasso.com\/associations\/voix-d-aunis\/evenements\/hildegarde-de-bingen-stage-de-chant-et-meditation-2\" target=\"_blank\">cliquez ici<\/a>&nbsp;&nbsp;&nbsp;<br><strong>Lieux :&nbsp;Centre de la Voix d&#8217;Aunis, terres de la Raguenaudi\u00e8re, \u00e0 St Sauveur d&#8217;Aunis.&nbsp;<\/strong><br><strong>Contenus :&nbsp;&nbsp;<\/strong>Apprendre \u00e0 chanter les m\u00e9lodies qui ont inspir\u00e9 Hildegarde de Bingen, cette exceptionnelle abbesse du XIIe si\u00e8cle. Tout en d\u00e9veloppant la technique vocale, nous apprendrons les chants, les neumes (\u00e9criture musicale m\u00e9di\u00e9vale) par transmission orale et avec les partitions.&nbsp;<strong>La technique vocale en conscience corps&amp;voix s&#8217;inspirera des enseignements d&#8217;Hildegarde-<\/strong>des vents aux \u00e9l\u00e9ments, du v\u00e9g\u00e9tal \u00e0 l&#8217;animal, dans l&#8217;\u00e9quilibre et l&#8217;harmonie-&nbsp;de ses chants et de la modalit\u00e9 m\u00e9di\u00e9vale.&nbsp;Des temps de m\u00e9ditation viendront ponctuer les journ\u00e9es, ou des cercles de chant et m\u00e9ditation, en abordant des techniques de m\u00e9ditation et de silences issues du chant sacr\u00e9 et du yoga du son.&nbsp; &nbsp;Nous pourrons aussi chanter dans les \u00e9glises, la nature, improviser&#8230;.Chaque stage abordera un r\u00e9pertoire diff\u00e9rent et commun, ainsi&nbsp;les stagiaires selon leurs possibilit\u00e9s pourront rejoindre les concerts des autres stages, et chanter en ensemble ou en soliste.&nbsp;&nbsp;<strong>Concert de fin de stage: Mots et chants d&#8217;Hildegarde. Chaque concert aura ses mots et ses chants, li\u00e9s aux participants et aux \u00e9changes.&nbsp;&nbsp;<\/strong><br><strong>Artiste et intervenant&nbsp;&nbsp;:<\/strong>Fabienne Cellier-Triguel<br><strong>Concerts de fin de stage<\/strong>&nbsp;: Dimanche 9 juillet, lundi 14 ao\u00fbt et Dimanche 7 septembre \u00e0 2023 \u00e0 16h&nbsp; &nbsp; &nbsp; &nbsp; &nbsp; &nbsp; &nbsp; &nbsp; &nbsp; &nbsp; &nbsp; &nbsp; &nbsp; &nbsp; &nbsp; &nbsp; &nbsp; &nbsp; &nbsp; &nbsp; &nbsp; &nbsp; &nbsp; &nbsp; &nbsp; &nbsp; &nbsp; &nbsp; &nbsp; &nbsp; &nbsp; &nbsp; &nbsp; &nbsp; &nbsp; &nbsp; &nbsp; &nbsp; &nbsp; &nbsp; &nbsp; &nbsp; &nbsp; &nbsp; &nbsp; &nbsp; &nbsp; &nbsp; &nbsp; &nbsp; &nbsp; &nbsp; &nbsp; &nbsp; &nbsp; &nbsp; &nbsp; &nbsp; &nbsp; &nbsp;<br><br><strong><mark style=\"background-color:rgba(0, 0, 0, 0);color:#00a337\" class=\"has-inline-color\">CERCLE DE CHANT ET MEDITATION <\/mark><\/strong><br><strong>M\u00e9ditation de la lune, cercle de chant et m\u00e9ditation ,&nbsp;<\/strong>Mardi&nbsp;1er ao\u00fbt 2023&nbsp;Tarifs : 22\u20ac \/ stage + 8 \u20ac d\u2019adh\u00e9sion;&nbsp; &nbsp;20h \u00e0 22h . Descriptif et inscription sur Helloasso.&nbsp;<a rel=\"noreferrer noopener\" href=\"https:\/\/www.helloasso.com\/associations\/voix-d-aunis\/evenements\/cercle-de-chant-et-meditation-1\" target=\"_blank\">cliquez ici<\/a>&nbsp;&nbsp;&nbsp;Nous proposerons des cercles de chant et m\u00e9ditation durant les stages sur Hildegarde et des concerts m\u00e9ditatifs. Nous r\u00e9flechissons \u00e0 un stage le 23 septembre Lune et F\u00e9minin, chant sacr\u00e9 et Danse Bio-dynamique avec Gabrielle Escalano.&nbsp; &nbsp; &nbsp; &nbsp;&nbsp;<br><strong>Lieux :&nbsp;Centre de la Voix d&#8217;Aunis, terres de la Raguenaudi\u00e8re, \u00e0 St Sauveur d&#8217;Aunis.&nbsp;<\/strong><br><strong>Contenus : Chants et silence&nbsp;<\/strong>&nbsp;Chant, souffle, yoga du son, m\u00e9ditation (forme courte de concert m\u00e9ditatif)<br>Dans un cercle convivial, autour d\u2019un mandala et de bougies, se rencontrer, vivre un moment de chants traditionnels et sacr\u00e9s, de souffle, de corps en conscience, de yoga du son, de voyage sonore, et exp\u00e9rimenter une m\u00e9ditation profonde par le chant et le silence, une forme courte de concert m\u00e9ditatif.&nbsp; Les cercles peuvent se d\u00e9rouler sur une soir\u00e9e ou lors d&#8217;un stage plus long afin de se pr\u00e9parer plus en profondeur. Selon la m\u00e9t\u00e9o, une partie du cercle peut avoir lieu dehors, autour du feu (braseiro)&#8230; Au programme, chants m\u00e9di\u00e9vaux,&nbsp; traditionnels, s\u00e9farades,&nbsp; mantras, temps de partage, voyage sonore et &nbsp;forme courte de concert m\u00e9ditatif ( chants sacr\u00e9s et silences). Les chants traditionnels et les canons sont aussi une source d&#8217;ancrage et de joie partag\u00e9e de chanter ensemble. &nbsp; Ils sont propos\u00e9s en d\u00e9but et fin de cercle.&nbsp;<br><strong>Artiste et intervenant :&nbsp;<\/strong>Fabienne Cellier-Triguel&nbsp; &nbsp;<br><br><strong><mark style=\"background-color:rgba(0, 0, 0, 0);color:#00a337\" class=\"has-inline-color\">ATELIERS HEBDOMADAIRE DE CHANT LYRIQUE  DE CHANT GREGORIEN&nbsp;ET MEDITATION<\/mark><\/strong><br>Tous les mardi au centre social de St Eloi, 40 rue basse de St Eloi \u00e0 La Rochelle de 20h \u00e0 21h30, Chant gr\u00e9gorien et d&#8217;Hildegarde de Bingen de 17h \u00e0 18h, et cours individuel de 18h \u00e0 20h. A partir du dernier mardi de septembre, en dehors des p\u00e9riodes scolaires.<br><br><strong>COURS DE CHANT<\/strong> sur rendez vous, La Rochelle, St Sauveur d&#8217;Aunis ou en visio. Inscription sur helloasso <a href=\"https:\/\/www.helloasso.com\/associations\/voix-d-aunis\/boutiques\/cours-de-chant\">Cliquez ici<\/a><br><br><strong><mark style=\"background-color:rgba(0, 0, 0, 0);color:#00a337\" class=\"has-inline-color\">STAGE DE CHANT GREGORIEN&nbsp;ET MEDITATION<\/mark><\/strong><br><strong>MARIE-MADELEINE , stage de chant gr\u00e9gorien et m\u00e9ditation,&nbsp;<\/strong>20 au 22 juillet 2023 de 10h-17h&nbsp;&nbsp;Tarif : 180 \u20ac \/ stage + 8 \u20ac d\u2019adh\u00e9sion ;&nbsp;2 stages du 20 au 25 juillet 2023 : 320 euros&nbsp;&nbsp;(Descriptif et inscription sur Helloasso.&nbsp; &nbsp;<a rel=\"noreferrer noopener\" href=\"https:\/\/www.helloasso.com\/associations\/voix-d-aunis\/evenements\/marie-madeleine-stage-de-chant-gregorien-et-meditation\" target=\"_blank\">cliquez ici<\/a>&nbsp;&nbsp;<br><strong>Lieux :&nbsp;Centre de la Voix d&#8217;Aunis, terres de la Raguenaudi\u00e8re, \u00e0 St Sauveur d&#8217;Aunis.&nbsp;<\/strong><br><strong>Contenus :&nbsp;&nbsp;<\/strong>Apprendre \u00e0 chanter l<strong>es m\u00e9lodies gr\u00e9goriennes destin\u00e9es \u00e0 Marie-Madeleine<\/strong>, dont ce sera la f\u00eate le Samedi 22 juillet, ainsi que<strong>&nbsp;le r\u00e9pertoire marial et coeur sacr\u00e9 f\u00e9minin<\/strong>. Tout en d\u00e9veloppant sa technique vocale, nous apprendrons les chants, les neumes (\u00e9criture musicale m\u00e9di\u00e9vale) par transmission orale et avec les partitions.Technique vocale en conscience corps&amp;voix, inspir\u00e9e du chant modal m\u00e9di\u00e9val, du yoga du son,&nbsp; de la conscience corporelle, du souffle, de l\u2019expression, de l\u2019anatomie,<strong>\u2026La technique vocale en conscience corps&amp;voix s&#8217;inspirera \u00e9galement du coeur f\u00e9minin sacr\u00e9, dans sa dimension visc\u00e9rale, du soutien et de la respiration, dans son expression et intention.&nbsp;<\/strong>Comment l&#8217;intention et sa reliance au corps-coeur nourrissent son phras\u00e9 ainsi que sa voix interieure et projet\u00e9e ?&nbsp;Des temps de m\u00e9ditation viendront ponctuer les journ\u00e9es, pour une meilleure assimilation de ces chants, et vivre les bienfaits qu&#8217;ils procurent, en abordant des techniques de m\u00e9ditation issues du chant sacr\u00e9 et du yoga du son. Nous pourrons aussi chanter dans les \u00e9glises , la nature,&#8230;Concert final.<strong>Artiste et intervenant&nbsp;&nbsp;:&nbsp;<\/strong>Fabienne Cellier-Triguel<br><strong>Concert de fin de stage<\/strong>&nbsp;: Samedi 22 juillet&nbsp; \u00e0 16h&nbsp; &nbsp; <br>&nbsp; &nbsp; &nbsp; &nbsp; &nbsp; &nbsp; &nbsp; &nbsp; &nbsp; &nbsp; &nbsp; &nbsp; &nbsp; &nbsp; &nbsp; &nbsp; &nbsp; &nbsp; &nbsp; &nbsp; &nbsp; &nbsp; &nbsp; &nbsp; &nbsp; &nbsp; &nbsp; &nbsp; <br><strong><mark style=\"background-color:rgba(0, 0, 0, 0);color:#00a337\" class=\"has-inline-color\">CHOEUR MEDIEVAL POUR LA ST JACQUES<\/mark><\/strong><br><strong>St Jacques de compostelle, stage de choeur, chant m\u00e9di\u00e9val et gr\u00e9gorien,&nbsp;<\/strong>23 au 25 juillet 2023&nbsp;10h-17h &#8211; Tarifs : 180 \u20ac \/ stage + 8 \u20ac d\u2019adh\u00e9sion;&nbsp; T<strong>arif 3 demi-journ\u00e9es de 14h30 \u00e0 17h + concert : 95 euros.<\/strong>&nbsp;2 stages du 20 au 25 juillet 2023 : 320 euros ;&nbsp; Descriptif et inscription sur Helloasso.&nbsp;<a rel=\"noreferrer noopener\" href=\"https:\/\/www.helloasso.com\/associations\/voix-d-aunis\/evenements\/st-jacques-de-compostelle-stage-de-chant-medieval-et-choeur-spontane\" target=\"_blank\">cliquez ici<\/a>&nbsp;&nbsp;&nbsp;<br><strong>Lieux :&nbsp;Centre de la Voix d&#8217;Aunis, terres de la Raguenaudi\u00e8re, \u00e0 St Sauveur d&#8217;Aunis.&nbsp;<\/strong><br><strong>Contenus :&nbsp;<\/strong>Chanter en choeur le r\u00e9pertoire de St Jacques dont ce sera la f\u00eate le 25 juillet.<br>Chants m\u00e9di\u00e9vaux et traditionnels,&nbsp; chant gr\u00e9gorien, Canons,&nbsp; Livre de Saint Jacques ou Liber Sancti Jacobi (Codex Calixtinus)&#8230;. Tout en d\u00e9veloppant sa technique vocale, nous apprendrons les chants, les neumes (\u00e9criture musicale m\u00e9di\u00e9vale) par transmission orale et avec les partitions.&nbsp; Nous pourrons aussi chanter dans les \u00e9glises, dans la nature, sur des chemins..&nbsp; &nbsp;Mots extraits du guide du P\u00e8lerin de St Jacques de Compostelle &nbsp;de Marie-Armelle Meunier qui relie le P\u00e8lerin du Moyen \u00e2ge \u00e0 celui d&#8217;aujourd&#8217;hui.&nbsp;Un r\u00e9pertoire vari\u00e9 de marche pour chanter sur les chemins et de chants sacr\u00e9s pour prier.&nbsp;&nbsp;<strong>&nbsp;2 options : participer au 3 jours entiers ou participation sur 3 demi-journ\u00e9es-apr\u00e8s-midi-&nbsp; avec le concert final du choeur spontan\u00e9.&nbsp;<\/strong><br><strong>Artiste et intervenant&nbsp;:&nbsp;<\/strong>Fabienne Cellier-Triguel<br><strong>Concert de fin de stage<\/strong>&nbsp;: Mercredi 25 juillet&nbsp; \u00e0 16h&nbsp; &nbsp; &nbsp; &nbsp; &nbsp; &nbsp; &nbsp; &nbsp; &nbsp; &nbsp; &nbsp; &nbsp; &nbsp; &nbsp; &nbsp; &nbsp; &nbsp; &nbsp; &nbsp; &nbsp; &nbsp; &nbsp; &nbsp; &nbsp; &nbsp; &nbsp; &nbsp; &nbsp; &nbsp; &nbsp; &nbsp;<br><br><br><br><strong>PROGRAMMER <\/strong>: Nous contacter<br>Un concert m\u00e9ditatif, un <a rel=\"noreferrer noopener\" href=\"http:\/\/bonjour%2C%20%20%20le%20site%20http\/\/www.concert-acappella.com\/%20n'est%20toujours%20pas%20s%C3%A9curis%C3%A9.%20%20%20Je%20vous%20remercie%20de%20le%20s%C3%A9curiser%20%C3%A0%20nouveau%60%20Bien%20cordialement\" target=\"_blank\">concert cont\u00e9 et chant\u00e9<\/a> , un concert de chant sacr\u00e9 (gr\u00e9gorien ou d&#8217;Hildegarde de Bingen)&#8230;<br>Un r\u00e9cital ou spectacle lyrique, un PROJET OPERA<br>Un cercle de chant et m\u00e9ditation d&#8217;1h15 ; 2 h30 ou plus<br>Un stage lyrique, m\u00e9di\u00e9val, gr\u00e9gorien, d&#8217;Hildegarde de Bingen, ou de technique vocale en conscience corps et voix.<br><br><br><a rel=\"noreferrer noopener\" href=\"https:\/\/www.helloasso.com\/associations\/voix-d-aunis\/evenements\/chanter-hildegarde-stage-de-chant-et-meditation-2\" target=\"_blank\">Chante \u00e0 P\u00e2ques ! Chant gr\u00e9gorien et chants d&#8217;Hildegarde de Bingen<\/a><br>Apprendre \u00e0 chanter les m\u00e9lodies gr\u00e9goriennes et d&#8217;Hildegarde de Bingen. Tout en d\u00e9veloppant sa technique vocale, nous apprendrons les chants, les neumes (\u00e9criture musicale m\u00e9di\u00e9vale) par transmission orale et avec les partitions. Des temps de m\u00e9ditation et de yoga du son viendront ponctuer les journ\u00e9es, pour une meilleure assimilation de ces chants, et vivre les bienfaits qu&#8217;ils procurent. Nous pourrons aussi vivre des temps de chant dans les \u00e9glises , la nature, &#8230;.Intervenante : Fabienne Cellier-Triguel ; Tarif : 125 euros + 8 euros (75 euros la journ\u00e9e ; 50 euros la demi-journ\u00e9e) ; Horaires: samedi et lundi 10h-17h ; Dimanche 14h-17h ; inscription et r\u00e8glement en ligne : <a rel=\"noreferrer noopener\" href=\"https:\/\/www.helloasso.com\/associations\/voix-d-aunis\/evenements\/chanter-hildegarde-stage-de-chant-et-meditation-2\" target=\"_blank\">cliquez ici<\/a><br><br><br><br><strong><a rel=\"noreferrer noopener\" href=\"https:\/\/www.helloasso.com\/associations\/voix-d-aunis\/evenements\/chanter-hildegarde-stage-de-chant\" target=\"_blank\">Chanter Hildegarde, stage de chant et m\u00e9ditation<\/a>.<\/strong> du 22 et 23 avril 2023 de 10h \u00e0 17h<br>Apprendre \u00e0 chanter les m\u00e9lodies qui ont inspir\u00e9 Hildegarde de Bingen, cette exceptionnelle abbesse du XIIe si\u00e8cle. Tout en d\u00e9veloppant sa technique vocale, nous apprendrons les chants, les neumes (\u00e9criture musicale m\u00e9di\u00e9vale) par transmission orale et avec les partitions. Des temps de m\u00e9ditation viendront ponctuer les journ\u00e9es, pour une meilleure assimilation de ces chants, et vivre les bienfaits qu&#8217;ils procurent. Nous pourrons aussi vivre des temps de chant dans les \u00e9glises , la nature, &#8230;.Intervenante : Fabienne Cellier-Triguel ; Tarif : 125 euros + 8 euros (75 euros la journ\u00e9e) ; inscription et r\u00e8glement en ligne : <a rel=\"noreferrer noopener\" href=\"https:\/\/www.helloasso.com\/associations\/voix-d-aunis\/evenements\/chanter-hildegarde-stage-de-chant\" target=\"_blank\">cliquez ici<\/a><\/td><\/tr><\/tbody><\/table><\/figure>\n\n\n\n<p><strong>STAGE DE CHANT ET MEDITATION <\/strong>: <strong>m\u00e9diter par le chant et le silence.<\/strong> 10h-17h30 le samedi17 d\u00e9cembre 2022 ; Gite des ormeaux (Chambon-17)<strong>. <\/strong>Techniques de m\u00e9ditation et de vibration du Yoga du son ; souffle (Pranayama), conscience vocale et corporelle, chants sacr\u00e9s m\u00e9di\u00e9vaux, bija mantras, bain sonore, chants et mantras d\u2019occident (Hildegarde de Bingen, chant gr\u00e9gorien), 60 \u20ac le stage + 8 \u20ac d\u2019adh. Concert m\u00e9ditatif \u00e0 14h, th\u00e8me de la Paix.  <a rel=\"noreferrer noopener\" href=\"https:\/\/voixdaunis.com\/wp-content\/uploads\/2022\/12\/stage-chant-meditation-yogaduson-17122022.jpg\" data-type=\"URL\" data-id=\"https:\/\/voixdaunis.com\/wp-content\/uploads\/2022\/12\/stage-chant-meditation-yogaduson-17122022.jpg\" target=\"_blank\">flyer<\/a> <a rel=\"noreferrer noopener\" href=\"https:\/\/voixdaunis.com\/wp-content\/uploads\/2022\/12\/bulletin-dinscription_stage.jpg\" data-type=\"URL\" data-id=\"https:\/\/voixdaunis.com\/wp-content\/uploads\/2022\/12\/bulletin-dinscription_stage.jpg\" target=\"_blank\">bulletin d&#8217;inscription<\/a><\/p>\n\n\n\n<p> <strong>Cycle Hildegarde de Bingen,<\/strong> source de vie, miroir de l&#8217;\u00e2me :&nbsp; &nbsp;stages consacr\u00e9s \u00e0 l\u2019Abbesse du XIIe (dates \u00e0 d\u00e9terminer )<\/p>\n\n\n\n<p><strong>STAGE LUNE ET FEMININ<\/strong> : <strong>Samedi 8 octobre 2022 <\/strong>: 10h-18h Chant et danse biodynamique. Cercles de chant, m\u00e9ditation, danse, rituels , \u00e0 l&#8217;occasion de la nouvelle lune&#8230;Chant sacr\u00e9, chant traditionnel et chant s\u00e9farade .Tarif: 85\u20ac Repas partag\u00e9 le midii Lieu: St Sauveur d&#8217;Aunis (adresse pr\u00e9cise lors de l&#8217;inscription) Stage limit\u00e9 \u00e0 12 personnes.Ouvert \u00e0 tous et toutes, tous niveaux en chant et en danse. Intervenantes : Fabienne Cellier-Triguel, artiste lyrique, sacr\u00e9e et m\u00e9di\u00e9vale (Voix d&#8217;Aunis) ; <a href=\"https:\/\/www.facebook.com\/anima.danse.prie.aime\/?__cft__[0]=AZWujbwXAh6UpoWyvlhKPKWA9j7FaADz3Uzf3XsiUHvTDZrFs5iblljfU0rKcJiiremSkviP9YVTMK5wG50TBzAYu2a26C2TdgbEMU9ngYAwveoa-wIkW_Znig6WJIaHs0FbtBO9G7ZcgtjS-aFxzB86zWOKN_lEoQR6Csdi8gO8MWEcBFrIi8IV3XLbmsRCKFuqEK4RX2GaNGq89OShek1rYllPHnJOzzfCMGlV0Gh5QzXfLuP7NfcuI38a_NeXCe0&amp;__tn__=-UC%2CP-y-R\"><strong>\u00c2nima -Danse Biodynamique- Gabrielle Escolano<\/strong><\/a> ; <a rel=\"noreferrer noopener\" href=\"https:\/\/voixdaunis.com\/wp-content\/uploads\/2022\/07\/lune-et-feminin-flyer-juillet2022.jpg\" target=\"_blank\"><strong>FLYER<\/strong><\/a> (de juillet)<\/p>\n\n\n\n<p><strong>Hildegarde de Bingen, source de vie, <\/strong>, 17 et 18 septembre 2022 au centre de la Voix d&#8217;Aunis \u00e0 St Sauveur d&#8217;Aunis. 10h-18h ; 125 euros + 8 euros d&#8217;adh\u00e9sion. Possibilit\u00e9 de camper sur place. tel : 06 99 90 44 57 ; voixdaunis17@gmail.com ; Intervenant : Fabienne Cellier-Triguel, artiste Lyrique, sacr\u00e9e et m\u00e9di\u00e9vale. <a href=\"https:\/\/voixdaunis.com\/wp-content\/uploads\/2022\/09\/stage-hildegarde-sept-22.jpg\" data-type=\"URL\" data-id=\"https:\/\/voixdaunis.com\/wp-content\/uploads\/2022\/09\/stage-hildegarde-sept-22.jpg\" target=\"_blank\" rel=\"noreferrer noopener\">Flyer<\/a><\/p>\n\n\n\n<p><\/p>\n\n\n\n<p><strong><a rel=\"noreferrer noopener\" href=\"https:\/\/voixdaunis.com\/wp-content\/uploads\/2022\/06\/stage-chant-meditation-yogaduson-25-26-juin2022.pdf\" target=\"_blank\">STAGE CHANT SACRE &amp; MEDITATION Yoga du son<\/a><\/strong><br><strong>En septembre (dates \u00e0 confirmer)<\/strong> <a rel=\"noreferrer noopener\" href=\"https:\/\/www.gitelesormeaux.com\/\" target=\"_blank\">au g\u00eete des Ormeaux<\/a> 17290 Chambon et \u00e0 la chapelle St Jacques du Cher<strong> M\u00e9diter par le chant et le silence.&nbsp;<\/strong>Techniques de m\u00e9ditation et de vibration&nbsp; du <strong>Yoga du son <\/strong>; <strong>souffle<\/strong> (Pranayama), conscience vocale et corporelle, chants sacr\u00e9s m\u00e9di\u00e9vaux, bija mantras, <strong>bain sonore. Chants et Mantras d\u2019occident <\/strong>(Hildegarde de Bingen, chant gr\u00e9gorien)\u2026<a href=\"http:\/\/stage\" data-type=\"URL\" data-id=\"stage\">Flyer<\/a><\/p>\n\n\n\n<p><\/p>\n\n\n\n<p><strong>Concert m\u00e9ditatif<\/strong> et voyage sonore : le 26 juin 2022 \u00e0 18h<\/p>\n\n\n\n<p><\/p>\n\n\n\n<p><strong>Stage de yoga du son \u00e0 St Sauveur d&#8217;Aunis (dates \u00e0 d\u00e9finir)<\/strong><br>conscience vocale, yoga du son, m\u00e9ditation. Mantras d&#8217;orient et d&#8217;occident (chant v\u00e9dique- gr\u00e9gorien-Hildegarde de Bingen-Cantigas), Hatha yoga sonore.<\/p>\n\n\n\n<p><\/p>\n\n\n\n<p><\/p>\n\n\n<div class=\"wp-block-image\">\n<figure class=\"aligncenter\"><img loading=\"lazy\" decoding=\"async\" width=\"300\" height=\"400\" src=\"https:\/\/voixdaunis.com\/wp-content\/uploads\/2018\/05\/fabienne_fontdouce.jpg\" alt=\"\" class=\"wp-image-352\" srcset=\"https:\/\/voixdaunis.com\/wp-content\/uploads\/2018\/05\/fabienne_fontdouce.jpg 300w, https:\/\/voixdaunis.com\/wp-content\/uploads\/2018\/05\/fabienne_fontdouce-225x300.jpg 225w\" sizes=\"auto, (max-width: 300px) 100vw, 300px\" \/><\/figure>\n<\/div>\n\n\n<p><strong>Fabienne Cellier-Triguel<\/strong> Artiste Lyrique et M\u00e9di\u00e9vale.-Soprano-Professeur de chant lyrique (DE) Conscience vocale-Yoga du son<\/p>\n\n\n<div class=\"wp-block-image\">\n<figure class=\"aligncenter\"><img loading=\"lazy\" decoding=\"async\" width=\"302\" height=\"201\" src=\"https:\/\/voixdaunis.com\/wp-content\/uploads\/2018\/05\/Massanori_Kobiki.jpg\" alt=\"\" class=\"wp-image-354\" srcset=\"https:\/\/voixdaunis.com\/wp-content\/uploads\/2018\/05\/Massanori_Kobiki.jpg 302w, https:\/\/voixdaunis.com\/wp-content\/uploads\/2018\/05\/Massanori_Kobiki-300x200.jpg 300w\" sizes=\"auto, (max-width: 302px) 100vw, 302px\" \/><\/figure>\n<\/div>\n\n\n<p><strong>Massanori Kobiki<\/strong> pianiste, chef de chant<\/p>\n\n\n<div class=\"wp-block-image\">\n<figure class=\"aligncenter\"><img loading=\"lazy\" decoding=\"async\" width=\"243\" height=\"364\" src=\"https:\/\/voixdaunis.com\/wp-content\/uploads\/2018\/05\/christinewahl_dim.jpg\" alt=\"\" class=\"wp-image-351\" srcset=\"https:\/\/voixdaunis.com\/wp-content\/uploads\/2018\/05\/christinewahl_dim.jpg 243w, https:\/\/voixdaunis.com\/wp-content\/uploads\/2018\/05\/christinewahl_dim-200x300.jpg 200w\" sizes=\"auto, (max-width: 243px) 100vw, 243px\" \/><\/figure>\n<\/div>\n\n\n<p>Christine Wahl Professeur de danse, de Tai-chi-chuan, conscience corporelle, et th\u00e9rapeute manuelle <a href=\"https:\/\/www.christinewahl.co\/\">https:\/\/www.christinewahl.co\/<\/a><\/p>\n\n\n\n<figure class=\"wp-block-image\"><img loading=\"lazy\" decoding=\"async\" width=\"552\" height=\"610\" src=\"https:\/\/voixdaunis.com\/wp-content\/uploads\/2019\/02\/marie-armelle-meunier-recadree.jpg\" alt=\"marie-armelle meunier\" class=\"wp-image-509\" srcset=\"https:\/\/voixdaunis.com\/wp-content\/uploads\/2019\/02\/marie-armelle-meunier-recadree.jpg 552w, https:\/\/voixdaunis.com\/wp-content\/uploads\/2019\/02\/marie-armelle-meunier-recadree-271x300.jpg 271w\" sizes=\"auto, (max-width: 552px) 100vw, 552px\" \/><\/figure>\n\n\n\n<p><strong>Marie-Armelle Meunier<\/strong> Guide randonn\u00e9e, musicoth\u00e9rapeute, chant spontan\u00e9 <a href=\"https:\/\/le-chant-spontane.com\/\" target=\"_blank\" rel=\"noreferrer noopener\">https:\/\/le-chant-spontane.com\/<\/a><\/p>\n\n\n<div class=\"wp-block-image\">\n<figure class=\"alignright\"><img loading=\"lazy\" decoding=\"async\" width=\"153\" height=\"142\" src=\"https:\/\/voixdaunis.com\/wp-content\/uploads\/2018\/05\/neumes_hildegarde.jpg\" alt=\"\" class=\"wp-image-347\"\/><\/figure>\n<\/div>\n\n\n<p><strong>Nous contacter<\/strong> Centre de la Voix Voix d&#8217;Aunis voixdaunis17@gmail.com www.voixdaunis.com 06 99 90 44 57<\/p>\n\n\n<div class=\"wp-block-image\">\n<figure class=\"aligncenter\"><img loading=\"lazy\" decoding=\"async\" width=\"1123\" height=\"727\" src=\"https:\/\/voixdaunis.com\/wp-content\/uploads\/2017\/09\/cerisier_raguenaud.jpg\" alt=\"Pour les stages en r\u00e9sidences\" class=\"wp-image-56\" srcset=\"https:\/\/voixdaunis.com\/wp-content\/uploads\/2017\/09\/cerisier_raguenaud.jpg 1123w, https:\/\/voixdaunis.com\/wp-content\/uploads\/2017\/09\/cerisier_raguenaud-300x194.jpg 300w, https:\/\/voixdaunis.com\/wp-content\/uploads\/2017\/09\/cerisier_raguenaud-768x497.jpg 768w, https:\/\/voixdaunis.com\/wp-content\/uploads\/2017\/09\/cerisier_raguenaud-1024x663.jpg 1024w, https:\/\/voixdaunis.com\/wp-content\/uploads\/2017\/09\/cerisier_raguenaud-463x300.jpg 463w\" sizes=\"auto, (max-width: 1123px) 100vw, 1123px\" \/><\/figure>\n<\/div>\n\n\n<p><strong>S\u00e9jours\/camping \u00e0 la ferme\/ gite insolite et tentes Inuit<\/strong> Pour les stages en r\u00e9sidence \u00e0 St Sauveur d&#8217;Aunis (20 minutes de La Rochelle) ou un temps de retour vers la nature ( \u00e0 la porte du Marais Poitevin)<\/p>\n\n\n\n<p>Contacter le 06 07 06 51 69<\/p>\n","protected":false},"excerpt":{"rendered":"<p>Stages de chant lyrique, chant gr\u00e9gorien, chant m\u00e9di\u00e9val et chants d&#8217;Hildegarde de Bingen<\/p>\n<p> <a href=\"https:\/\/voixdaunis.com\/index.php\/2023\/03\/28\/stage-de-chant-2023\/\">Continuer la lecture <span class=\"meta-nav\">&rarr;<\/span><\/a><\/p>\n","protected":false},"author":1,"featured_media":0,"comment_status":"closed","ping_status":"closed","sticky":false,"template":"","format":"standard","meta":{"footnotes":""},"categories":[27,13,36,18,16,15,55,1,12],"tags":[],"class_list":["post-713","post","type-post","status-publish","format-standard","hentry","category-centre-de-la-voix","category-chant-gregorien","category-chant-lyrique","category-chant-medieval","category-chant-sacre","category-hildegarde-de-bingen","category-meditation","category-non-classe","category-stage-de-chant"],"_links":{"self":[{"href":"https:\/\/voixdaunis.com\/index.php\/wp-json\/wp\/v2\/posts\/713","targetHints":{"allow":["GET"]}}],"collection":[{"href":"https:\/\/voixdaunis.com\/index.php\/wp-json\/wp\/v2\/posts"}],"about":[{"href":"https:\/\/voixdaunis.com\/index.php\/wp-json\/wp\/v2\/types\/post"}],"author":[{"embeddable":true,"href":"https:\/\/voixdaunis.com\/index.php\/wp-json\/wp\/v2\/users\/1"}],"replies":[{"embeddable":true,"href":"https:\/\/voixdaunis.com\/index.php\/wp-json\/wp\/v2\/comments?post=713"}],"version-history":[{"count":27,"href":"https:\/\/voixdaunis.com\/index.php\/wp-json\/wp\/v2\/posts\/713\/revisions"}],"predecessor-version":[{"id":801,"href":"https:\/\/voixdaunis.com\/index.php\/wp-json\/wp\/v2\/posts\/713\/revisions\/801"}],"wp:attachment":[{"href":"https:\/\/voixdaunis.com\/index.php\/wp-json\/wp\/v2\/media?parent=713"}],"wp:term":[{"taxonomy":"category","embeddable":true,"href":"https:\/\/voixdaunis.com\/index.php\/wp-json\/wp\/v2\/categories?post=713"},{"taxonomy":"post_tag","embeddable":true,"href":"https:\/\/voixdaunis.com\/index.php\/wp-json\/wp\/v2\/tags?post=713"}],"curies":[{"name":"wp","href":"https:\/\/api.w.org\/{rel}","templated":true}]}}