{"id":85,"date":"2017-09-17T02:49:32","date_gmt":"2017-09-17T00:49:32","guid":{"rendered":"http:\/\/voixdaunis.com\/?p=85"},"modified":"2017-10-26T19:21:59","modified_gmt":"2017-10-26T17:21:59","slug":"stage-a-labbaye-de-fontdouce","status":"publish","type":"post","link":"https:\/\/voixdaunis.com\/index.php\/2017\/09\/17\/stage-a-labbaye-de-fontdouce\/","title":{"rendered":"Stage \u00e0 l&#8217;abbaye de fontdouce"},"content":{"rendered":"<div id=\"attachment_31\" style=\"width: 1343px\" class=\"wp-caption alignnone\"><img loading=\"lazy\" decoding=\"async\" aria-describedby=\"caption-attachment-31\" class=\"size-full wp-image-31\" src=\"http:\/\/voixdaunis.com\/wp-content\/uploads\/2017\/07\/Fontdouce_dim.jpg\" alt=\"Abbaye de Fontdouuce concert de fin de stage mercredi 12 juillet 2017 \u00e0 16h\" width=\"1333\" height=\"752\" srcset=\"https:\/\/voixdaunis.com\/wp-content\/uploads\/2017\/07\/Fontdouce_dim.jpg 1333w, https:\/\/voixdaunis.com\/wp-content\/uploads\/2017\/07\/Fontdouce_dim-300x169.jpg 300w, https:\/\/voixdaunis.com\/wp-content\/uploads\/2017\/07\/Fontdouce_dim-768x433.jpg 768w, https:\/\/voixdaunis.com\/wp-content\/uploads\/2017\/07\/Fontdouce_dim-1024x578.jpg 1024w\" sizes=\"auto, (max-width: 1333px) 100vw, 1333px\" \/><p id=\"caption-attachment-31\" class=\"wp-caption-text\">Abbaye de Fontdouce<\/p><\/div>\n<p>En automne, aura lieu le dernier stage de la saison de l&#8217;abbaye de Fontdouce :<\/p>\n<p>Chant m\u00e9di\u00e9val et conscience corporelle, \u00a0du 27 au 29 octobre 2017.<\/p>\n<p>Renseignements \u00a0et plaquettes :<\/p>\n<p><a href=\"http:\/\/www.concert-acappella.com\/stages.htm\" target=\"_blank\" rel=\"noopener\">cliquez ici\u00a0<\/a>Inscription \u00e0 l&#8217;Abbaye de Fontdouce : <a href=\"http:\/\/www.fontdouce.com\/stages.html\" target=\"_blank\" rel=\"noopener\">cliquez ici<\/a><\/p>\n<p>Sur le th\u00e8me du psoas et du p\u00e8lerinage int\u00e9rieur.<\/p>\n<p>Concert de fin de stage dimanche 29 octobre 2017 \u00e0 20h30<\/p>\n<p>Programme :<\/p>\n<div id=\"attachment_147\" style=\"width: 1250px\" class=\"wp-caption alignnone\"><img loading=\"lazy\" decoding=\"async\" aria-describedby=\"caption-attachment-147\" class=\"size-full wp-image-147\" src=\"http:\/\/voixdaunis.com\/wp-content\/uploads\/2017\/09\/concert-m\u00e9dieval_-Fontdouce291017.jpg\" alt=\"Concert de chant m\u00e9di\u00e9val 2017 \u00e0 l'Abbaye de Fontdouce\" width=\"1240\" height=\"1754\" srcset=\"https:\/\/voixdaunis.com\/wp-content\/uploads\/2017\/09\/concert-m\u00e9dieval_-Fontdouce291017.jpg 1240w, https:\/\/voixdaunis.com\/wp-content\/uploads\/2017\/09\/concert-m\u00e9dieval_-Fontdouce291017-212x300.jpg 212w, https:\/\/voixdaunis.com\/wp-content\/uploads\/2017\/09\/concert-m\u00e9dieval_-Fontdouce291017-768x1086.jpg 768w, https:\/\/voixdaunis.com\/wp-content\/uploads\/2017\/09\/concert-m\u00e9dieval_-Fontdouce291017-724x1024.jpg 724w\" sizes=\"auto, (max-width: 1240px) 100vw, 1240px\" \/><p id=\"caption-attachment-147\" class=\"wp-caption-text\">Programme du concert de chant m\u00e9di\u00e9val 2017<\/p><\/div>\n<p>Nous \u00e9tudierons par exemple le trope de Kyrie : Orbis factor, et le Res est admirabilis du manuscrit de Fontevraud, \u00a0dont vous pouvez trouver ci-dessous une version de l&#8217;ensemble Organum.<\/p>\n<p><iframe loading=\"lazy\" title=\"Kyrie: Orbis Factor by Ensemble Organum\" width=\"584\" height=\"438\" src=\"https:\/\/www.youtube.com\/embed\/xmkhk9Z8Lu4?feature=oembed\" frameborder=\"0\" allow=\"accelerometer; autoplay; clipboard-write; encrypted-media; gyroscope; picture-in-picture; web-share\" referrerpolicy=\"strict-origin-when-cross-origin\" allowfullscreen><\/iframe><\/p>\n<p><iframe loading=\"lazy\" title=\"Res est admirabilis by Ensemble Organum\" width=\"584\" height=\"438\" src=\"https:\/\/www.youtube.com\/embed\/Y4Sb4K6xcFo?feature=oembed\" frameborder=\"0\" allow=\"accelerometer; autoplay; clipboard-write; encrypted-media; gyroscope; picture-in-picture; web-share\" referrerpolicy=\"strict-origin-when-cross-origin\" allowfullscreen><\/iframe><\/p>\n<p>Avec Fabienne Cellier-Triguel, artiste lyrique et m\u00e9di\u00e9vale, professeur de chant (DE) \u00a0et Christine Wahl, professeur de danse, Tai Chi, et th\u00e9rapeute manuelle.<\/p>\n<p>Travail corporel et vocal : Le psoas, dans la profondeur du corps, entre ciel et terre, entre torse et jambe, carrefour vital, postural et spirituel, ce muscle engage dans le souffle et la marche, un p\u00e8lerinage int\u00e9rieur en \u00e9cho \u00e0 la voix et aux chants des P\u00e8lerins.<\/p>\n<p>Fontdouce, St Bris des Bois, Charente Maritime, pr\u00e8s de Saintes : <a href=\"http:\/\/www.fontdouce.com\/carte.html\" target=\"_blank\" rel=\"noopener\">voir la carte<\/a><\/p>\n","protected":false},"excerpt":{"rendered":"<p>En automne, aura lieu le dernier stage de la saison de l&#8217;abbaye de Fontdouce : Chant m\u00e9di\u00e9val et conscience corporelle, \u00a0du 27 au 29 octobre 2017. Renseignements \u00a0et plaquettes : cliquez ici\u00a0Inscription \u00e0 l&#8217;Abbaye de Fontdouce : cliquez ici Sur &hellip; <a href=\"https:\/\/voixdaunis.com\/index.php\/2017\/09\/17\/stage-a-labbaye-de-fontdouce\/\">Continuer la lecture <span class=\"meta-nav\">&rarr;<\/span><\/a><\/p>\n","protected":false},"author":1,"featured_media":0,"comment_status":"open","ping_status":"open","sticky":false,"template":"","format":"standard","meta":{"footnotes":""},"categories":[27,13,18,16,25,26,15,12],"tags":[],"class_list":["post-85","post","type-post","status-publish","format-standard","hentry","category-centre-de-la-voix","category-chant-gregorien","category-chant-medieval","category-chant-sacre","category-conscience-corporelle","category-conscience-vocale","category-hildegarde-de-bingen","category-stage-de-chant"],"_links":{"self":[{"href":"https:\/\/voixdaunis.com\/index.php\/wp-json\/wp\/v2\/posts\/85","targetHints":{"allow":["GET"]}}],"collection":[{"href":"https:\/\/voixdaunis.com\/index.php\/wp-json\/wp\/v2\/posts"}],"about":[{"href":"https:\/\/voixdaunis.com\/index.php\/wp-json\/wp\/v2\/types\/post"}],"author":[{"embeddable":true,"href":"https:\/\/voixdaunis.com\/index.php\/wp-json\/wp\/v2\/users\/1"}],"replies":[{"embeddable":true,"href":"https:\/\/voixdaunis.com\/index.php\/wp-json\/wp\/v2\/comments?post=85"}],"version-history":[{"count":9,"href":"https:\/\/voixdaunis.com\/index.php\/wp-json\/wp\/v2\/posts\/85\/revisions"}],"predecessor-version":[{"id":148,"href":"https:\/\/voixdaunis.com\/index.php\/wp-json\/wp\/v2\/posts\/85\/revisions\/148"}],"wp:attachment":[{"href":"https:\/\/voixdaunis.com\/index.php\/wp-json\/wp\/v2\/media?parent=85"}],"wp:term":[{"taxonomy":"category","embeddable":true,"href":"https:\/\/voixdaunis.com\/index.php\/wp-json\/wp\/v2\/categories?post=85"},{"taxonomy":"post_tag","embeddable":true,"href":"https:\/\/voixdaunis.com\/index.php\/wp-json\/wp\/v2\/tags?post=85"}],"curies":[{"name":"wp","href":"https:\/\/api.w.org\/{rel}","templated":true}]}}