{"id":956,"date":"2024-06-24T12:34:14","date_gmt":"2024-06-24T10:34:14","guid":{"rendered":"https:\/\/voixdaunis.com\/?p=956"},"modified":"2024-06-24T12:34:15","modified_gmt":"2024-06-24T10:34:15","slug":"album-les-roses-de-picardie","status":"publish","type":"post","link":"https:\/\/voixdaunis.com\/index.php\/2024\/06\/24\/album-les-roses-de-picardie\/","title":{"rendered":"Album &#8220;Les Roses de Picardie&#8221;"},"content":{"rendered":"\n<p>Ecouter l&#8217;album &#8220;Les Roses de Picardie&#8221; : <a href=\"https:\/\/on.soundcloud.com\/4jCVsNPkk11jgqcC9\" target=\"_blank\" rel=\"noreferrer noopener\">https:\/\/on.soundcloud.com\/4jCVsNPkk11jgqcC9<\/a><\/p>\n\n\n\n<p>A l&#8217;issue du r\u00e9cital &#8220;chanter pendant la Grande Guerre&#8221; et de Pace 14-18, a \u00e9t\u00e9 enregistr\u00e9 l&#8217;album &#8220;les Roses de Picardie)<\/p>\n\n\n\n<p>Fabienne Cellier-Triguel Artiste lyrique, soprano, Alban Cellier, violoniste<br>Massanori Kobiki piano<\/p>\n\n\n\n<figure class=\"wp-block-image size-full\"><img loading=\"lazy\" decoding=\"async\" width=\"1024\" height=\"768\" src=\"https:\/\/voixdaunis.com\/wp-content\/uploads\/2024\/06\/grande-guerre-les-amoureux-de-la-grande-guerre-1.jpg\" alt=\"\" class=\"wp-image-929\" srcset=\"https:\/\/voixdaunis.com\/wp-content\/uploads\/2024\/06\/grande-guerre-les-amoureux-de-la-grande-guerre-1.jpg 1024w, https:\/\/voixdaunis.com\/wp-content\/uploads\/2024\/06\/grande-guerre-les-amoureux-de-la-grande-guerre-1-300x225.jpg 300w, https:\/\/voixdaunis.com\/wp-content\/uploads\/2024\/06\/grande-guerre-les-amoureux-de-la-grande-guerre-1-768x576.jpg 768w, https:\/\/voixdaunis.com\/wp-content\/uploads\/2024\/06\/grande-guerre-les-amoureux-de-la-grande-guerre-1-400x300.jpg 400w\" sizes=\"auto, (max-width: 1024px) 100vw, 1024px\" \/><\/figure>\n\n\n\n<p>visiter le blog : <a href=\"https:\/\/1418enaunis.wordpress.com\/accueil\/blog\/\" target=\"_blank\" rel=\"noreferrer noopener\">https:\/\/1418enaunis.wordpress.com\/accueil\/blog\/<\/a><\/p>\n\n\n\n<p><\/p>\n","protected":false},"excerpt":{"rendered":"<p>Ecouter l&#8217;album &#8220;Les Roses de Picardie&#8221; : https:\/\/on.soundcloud.com\/4jCVsNPkk11jgqcC9 A l&#8217;issue du r\u00e9cital &#8220;chanter pendant la Grande Guerre&#8221; et de Pace 14-18, a \u00e9t\u00e9 enregistr\u00e9 l&#8217;album &#8220;les Roses de Picardie) Fabienne Cellier-Triguel Artiste lyrique, soprano, Alban Cellier, violonisteMassanori Kobiki piano visiter &hellip; <a href=\"https:\/\/voixdaunis.com\/index.php\/2024\/06\/24\/album-les-roses-de-picardie\/\">Continuer la lecture <span class=\"meta-nav\">&rarr;<\/span><\/a><\/p>\n","protected":false},"author":1,"featured_media":0,"comment_status":"closed","ping_status":"closed","sticky":false,"template":"","format":"standard","meta":{"footnotes":""},"categories":[1],"tags":[],"class_list":["post-956","post","type-post","status-publish","format-standard","hentry","category-non-classe"],"_links":{"self":[{"href":"https:\/\/voixdaunis.com\/index.php\/wp-json\/wp\/v2\/posts\/956","targetHints":{"allow":["GET"]}}],"collection":[{"href":"https:\/\/voixdaunis.com\/index.php\/wp-json\/wp\/v2\/posts"}],"about":[{"href":"https:\/\/voixdaunis.com\/index.php\/wp-json\/wp\/v2\/types\/post"}],"author":[{"embeddable":true,"href":"https:\/\/voixdaunis.com\/index.php\/wp-json\/wp\/v2\/users\/1"}],"replies":[{"embeddable":true,"href":"https:\/\/voixdaunis.com\/index.php\/wp-json\/wp\/v2\/comments?post=956"}],"version-history":[{"count":2,"href":"https:\/\/voixdaunis.com\/index.php\/wp-json\/wp\/v2\/posts\/956\/revisions"}],"predecessor-version":[{"id":958,"href":"https:\/\/voixdaunis.com\/index.php\/wp-json\/wp\/v2\/posts\/956\/revisions\/958"}],"wp:attachment":[{"href":"https:\/\/voixdaunis.com\/index.php\/wp-json\/wp\/v2\/media?parent=956"}],"wp:term":[{"taxonomy":"category","embeddable":true,"href":"https:\/\/voixdaunis.com\/index.php\/wp-json\/wp\/v2\/categories?post=956"},{"taxonomy":"post_tag","embeddable":true,"href":"https:\/\/voixdaunis.com\/index.php\/wp-json\/wp\/v2\/tags?post=956"}],"curies":[{"name":"wp","href":"https:\/\/api.w.org\/{rel}","templated":true}]}}